{"id":139839,"date":"2019-05-12T06:00:32","date_gmt":"2019-05-12T09:00:32","guid":{"rendered":"https:\/\/diarioregionaldigital.com.br\/?p=139839"},"modified":"2019-05-09T20:00:06","modified_gmt":"2019-05-09T23:00:06","slug":"o-sucesso-do-ciee-gaucho","status":"publish","type":"post","link":"https:\/\/diarioregionaldigital.com.br\/?p=139839","title":{"rendered":"O SUCESSO DO CIEE GA\u00daCHO"},"content":{"rendered":"<p>A comemora\u00e7\u00e3o dos primeiros 50 anos do Centro de Integra\u00e7\u00e3o Empresa-Escola do Rio Grande do Sul, em Porto Alegre, transformou-se numa festa muito bonita. Sob o comando de Marivaldo Tumelero e Lu\u00eds Carlos Eimael, o CIEE-RS recebeu os seus co-irm\u00e3os de todo o Brasil. Tivemos o privil\u00e9gio de falar em nome dos demais, para saudar a data, em meio a uma festa que contou com a participa\u00e7\u00e3o da Orquestra Jovem do Rio Grande do Sul, numa primorosa exibi\u00e7\u00e3o.<\/p>\n<p>Ao falar na efem\u00e9ride, pude exaltar os feitos dos ga\u00fachos, que em sua exist\u00eancia ultrapassaram os 2,3 milh\u00f5es de estagi\u00e1rios e aprendizes, s\u00f3 sendo superados pela performance do CIEE-SP.<\/p>\n<p>Na ocasi\u00e3o, o presidente Tamelero disse que a entidade, s\u00f3 com o Programa Aprendiz, iniciado em 2009, alcan\u00e7ou o n\u00famero de 44 mil jovens colocados no mercado de trabalho. \u201cHoje, temos 10 mil aprendizes e estamos aumentando esse n\u00famero, assim ampliando o que chamamos de oportunidades infinitas de trabalho e est\u00e1gios.\u201d Al\u00e9m disso, destacou o Programa junto ao governo do Estado, o <strong>Pode<\/strong>, que trabalha com jovens que j\u00e1 cumpriram o seu per\u00edodo na <strong>Fase<\/strong> e voltam para casa.\u201d<\/p>\n<p>Atualmente, o CIEE-RS conta com 10 unidades regionais de atendimento nos 497 munic\u00edpios ga\u00fachos e possui contato com mais de 50 mil empresas conveniadas e 2 mil institui\u00e7\u00f5es de ensino conveniados. \u00c9 um exemplar compromisso comunit\u00e1rio, valendo-se de um not\u00e1vel empenho educacional, para ampliar a compet\u00eancia de jovens e adultos em busca de oportunidades de emprego.<\/p>\n<p>Na ocasi\u00e3o, exaltei a simbologia das tr\u00eas bandeiras entrela\u00e7adas no belo teatro do CIEE-RS. O Brasil, o Rio Grande do Sul e o CIEE uniram-se para trabalhar pelos jovens \u2013 e o resultado tem sido primoroso.<\/p>\n<p>Sem esquecer que a for\u00e7a motriz desse elogi\u00e1vel empenho situa-se na educa\u00e7\u00e3o \u2013 e nos cuidados que s\u00e3o devidos a essa importante prioridade. \u201cHoje, na TV, o governo federal anunciou um corte de 30% nos recursos financeiros de universidades federais. Nada mais triste do que verificar essa ocorr\u00eancia, que vai na contram\u00e3o do que \u00e9 necess\u00e1rio, para um pa\u00eds com tantas e t\u00e3o assinaladas car\u00eancias. Nesse momento, houve aplausos do numeroso p\u00fablico presente.<\/p>\n<p>Disse mais: \u201cJ\u00e1 alcan\u00e7amos o milagre da universaliza\u00e7\u00e3o do ensino elementar, mas com uma prec\u00e1ria qualidade. No ensino m\u00e9dio temos mais de 3 milh\u00f5es de jovens fora da escola. \u00c9 um panorama lament\u00e1vel.\u201d Tive o ensejo ainda de proclamar a necessidade de valorizar, em todos os sentidos, a forma\u00e7\u00e3o de professores, com o reconhecimento devido e sal\u00e1rios compat\u00edveis. O p\u00fablico mais uma vez reconheceu o acerto dessas coloca\u00e7\u00f5es.<\/p>\n<p>Foi uma noite memor\u00e1vel, para todos que dela participaram. Desejei, de cora\u00e7\u00e3o, no m\u00ednimo, mais 50 anos de vida \u00fatil ao CIEE-RS.<\/p>\n","protected":false},"excerpt":{"rendered":"<p>A comemora\u00e7\u00e3o dos primeiros 50 anos do Centro de Integra\u00e7\u00e3o Empresa-Escola do Rio Grande do Sul, em Porto Alegre, transformou-se numa festa muito bonita. Sob o comando de Marivaldo Tumelero e Lu\u00eds Carlos Eimael, o CIEE-RS recebeu os seus co-irm\u00e3os de todo o Brasil. Tivemos o privil\u00e9gio de falar em nome dos demais, para saudar [&hellip;]<\/p>\n","protected":false},"author":96,"featured_media":96753,"comment_status":"closed","ping_status":"closed","sticky":false,"template":"","format":"standard","meta":{"footnotes":""},"categories":[275,435,439],"tags":[],"class_list":["post-139839","post","type-post","status-publish","format-standard","has-post-thumbnail","hentry","category-arnaldo-niskier","category-colunas","category-ultima-hora"],"_links":{"self":[{"href":"https:\/\/diarioregionaldigital.com.br\/index.php?rest_route=\/wp\/v2\/posts\/139839","targetHints":{"allow":["GET"]}}],"collection":[{"href":"https:\/\/diarioregionaldigital.com.br\/index.php?rest_route=\/wp\/v2\/posts"}],"about":[{"href":"https:\/\/diarioregionaldigital.com.br\/index.php?rest_route=\/wp\/v2\/types\/post"}],"author":[{"embeddable":true,"href":"https:\/\/diarioregionaldigital.com.br\/index.php?rest_route=\/wp\/v2\/users\/96"}],"replies":[{"embeddable":true,"href":"https:\/\/diarioregionaldigital.com.br\/index.php?rest_route=%2Fwp%2Fv2%2Fcomments&post=139839"}],"version-history":[{"count":0,"href":"https:\/\/diarioregionaldigital.com.br\/index.php?rest_route=\/wp\/v2\/posts\/139839\/revisions"}],"wp:featuredmedia":[{"embeddable":true,"href":"https:\/\/diarioregionaldigital.com.br\/index.php?rest_route=\/wp\/v2\/media\/96753"}],"wp:attachment":[{"href":"https:\/\/diarioregionaldigital.com.br\/index.php?rest_route=%2Fwp%2Fv2%2Fmedia&parent=139839"}],"wp:term":[{"taxonomy":"category","embeddable":true,"href":"https:\/\/diarioregionaldigital.com.br\/index.php?rest_route=%2Fwp%2Fv2%2Fcategories&post=139839"},{"taxonomy":"post_tag","embeddable":true,"href":"https:\/\/diarioregionaldigital.com.br\/index.php?rest_route=%2Fwp%2Fv2%2Ftags&post=139839"}],"curies":[{"name":"wp","href":"https:\/\/api.w.org\/{rel}","templated":true}]}}