{"id":139838,"date":"2019-05-12T06:00:29","date_gmt":"2019-05-12T09:00:29","guid":{"rendered":"https:\/\/diarioregionaldigital.com.br\/?p=139838"},"modified":"2019-05-09T19:55:18","modified_gmt":"2019-05-09T22:55:18","slug":"uma-visao-sobre-condominio","status":"publish","type":"post","link":"https:\/\/diarioregionaldigital.com.br\/?p=139838","title":{"rendered":"Uma vis\u00e3o sobre condom\u00ednio&#8230;"},"content":{"rendered":"<p>Vamos hoje falar como vejo uma grande maioria de condom\u00ednios de Juiz de Fora, depois de conhecer de perto, ou seja, de ter participado como s\u00edndico, consultor, convidado a participar de grupos de estudos sobre gest\u00e3o condominial, pude observar que um dos maiores perigos que verificamos \u00e9 que a grande maioria dos moradores acostumaram com a paisagem.<\/p>\n<p>Acostumar com a paisagem significa n\u00e3o enxergar o que est\u00e1 acontecendo no condom\u00ednio que mora. Como vemos sempre a mesma coisa, estamos sempre naquele lugar, j\u00e1 n\u00e3o prestamos mais aten\u00e7\u00e3o nas coisas erradas, quebradas ou sujas e at\u00e9 mesmo nos fatos que ocorrem no dia a dia, que sem d\u00favida trazem reflexo na comunidade, e a\u00ed n\u00e3o d\u00e3o aten\u00e7\u00e3o que deveriam dar aos fatos, ou seja, com o que est\u00e1 acontecendo e n\u00e3o analisam o que pode acontecer. A verdade \u00e9 que acostumam com aquela paisagem e ligam os seus pilotos autom\u00e1ticos. Da\u00ed assistem acontecer obras ilegais, e como n\u00e3o comparecem \u00e0s assembleias, julgam que n\u00e3o tem nada a ver com o fato. Da\u00ed o perigo que falamos no in\u00edcio acostumar com a paisagem, isto porque aquilo que as vezes nos prejudicou, reclamamos, mas nenhuma provid\u00eancia foi tomada, deixa para l\u00e1, para ver como fica.<\/p>\n<p>Nos condom\u00ednios encontramos moradores e at\u00e9 s\u00edndicos e conselheiros que t\u00eam boas inten\u00e7\u00f5es de fazer as coisas. Elas s\u00e3o sinceras nas suas inten\u00e7\u00f5es. Elas realmente querem fazer as coisas. O problema \u00e9 que ficam na inten\u00e7\u00e3o. N\u00e3o fazem! N\u00e3o ousam fazer!<\/p>\n<p>Fa\u00e7a uma autocr\u00edtica, veja como voc\u00ea pode participar, existem dezenas de coisas que o seu condom\u00ednio precisa e que devem ser feitas para o benef\u00edcio coletivo. Tenha a ousadia de transformar em realidade sua participa\u00e7\u00e3o, afinal voc\u00ea \u00e9 quem paga o rateio das despesas e as leis lhe garantem o seu dever e direito de participar. Reveja sua conduta com rela\u00e7\u00e3o a sua participa\u00e7\u00e3o nas Assembleias Gerais. Tenho ouvido de muitas pessoas reclamando de falta de tempo. \u00c9 verdade temos mais coisas a fazer do que tempo para faz\u00ea-las. Muitas vezes nos sentimos como num tsunami cujas ondas nos cobrem e nos levam de rold\u00e3o. Perdemos o controle das nossas tarefas, da\u00ed n\u00e3o conseguimos nos concentrar, ter foco. Perdemos a no\u00e7\u00e3o do que \u00e9 essencial, importante e acidental. Onde estar\u00e1 o tempo que perdemos? Como encontr\u00e1-lo? Lembro que perdemos muito tempo em coisas acidentais? Precisamos fazer uma an\u00e1lise do que nos leva a interrup\u00e7\u00f5es,do que nos leva a perder a concentra\u00e7\u00e3o no que estava fazendo e quanto tempo leva para concentrar novamente. Precisamos aprender como educar a nossa vontade para que percamos menos tempo com coisas acidentais e nos concentremos mais no essencial.<\/p>\n<p>Nos condom\u00ednios precisamos lembrar que todos moradores precisam ter um foco, que para ter resultados positivos precisamos criar esp\u00edrito de uni\u00e3o n\u00e3o basta ser apenas um grupo que a cada m\u00eas se re\u00fane para pagar as despesas. A exemplo do que ocorre no futebol, precisamos formar um time e ter consci\u00eancia de que um time \u00e9 muito mais do que um conjunto de pessoas, uma vez que um time tem objetivo e uma miss\u00e3o: vencer o jogo.<\/p>\n<p>At\u00e9 o pr\u00f3ximo.<\/p>\n","protected":false},"excerpt":{"rendered":"<p>Vamos hoje falar como vejo uma grande maioria de condom\u00ednios de Juiz de Fora, depois de conhecer de perto, ou seja, de ter participado como s\u00edndico, consultor, convidado a participar de grupos de estudos sobre gest\u00e3o condominial, pude observar que um dos maiores perigos que verificamos \u00e9 que a grande maioria dos moradores acostumaram com [&hellip;]<\/p>\n","protected":false},"author":96,"featured_media":97691,"comment_status":"closed","ping_status":"closed","sticky":false,"template":"","format":"standard","meta":{"footnotes":""},"categories":[435,297,439],"tags":[],"class_list":["post-139838","post","type-post","status-publish","format-standard","has-post-thumbnail","hentry","category-colunas","category-jose-maria-braz-pereira","category-ultima-hora"],"_links":{"self":[{"href":"https:\/\/diarioregionaldigital.com.br\/index.php?rest_route=\/wp\/v2\/posts\/139838","targetHints":{"allow":["GET"]}}],"collection":[{"href":"https:\/\/diarioregionaldigital.com.br\/index.php?rest_route=\/wp\/v2\/posts"}],"about":[{"href":"https:\/\/diarioregionaldigital.com.br\/index.php?rest_route=\/wp\/v2\/types\/post"}],"author":[{"embeddable":true,"href":"https:\/\/diarioregionaldigital.com.br\/index.php?rest_route=\/wp\/v2\/users\/96"}],"replies":[{"embeddable":true,"href":"https:\/\/diarioregionaldigital.com.br\/index.php?rest_route=%2Fwp%2Fv2%2Fcomments&post=139838"}],"version-history":[{"count":0,"href":"https:\/\/diarioregionaldigital.com.br\/index.php?rest_route=\/wp\/v2\/posts\/139838\/revisions"}],"wp:featuredmedia":[{"embeddable":true,"href":"https:\/\/diarioregionaldigital.com.br\/index.php?rest_route=\/wp\/v2\/media\/97691"}],"wp:attachment":[{"href":"https:\/\/diarioregionaldigital.com.br\/index.php?rest_route=%2Fwp%2Fv2%2Fmedia&parent=139838"}],"wp:term":[{"taxonomy":"category","embeddable":true,"href":"https:\/\/diarioregionaldigital.com.br\/index.php?rest_route=%2Fwp%2Fv2%2Fcategories&post=139838"},{"taxonomy":"post_tag","embeddable":true,"href":"https:\/\/diarioregionaldigital.com.br\/index.php?rest_route=%2Fwp%2Fv2%2Ftags&post=139838"}],"curies":[{"name":"wp","href":"https:\/\/api.w.org\/{rel}","templated":true}]}}