{"id":139837,"date":"2019-05-12T06:00:12","date_gmt":"2019-05-12T09:00:12","guid":{"rendered":"https:\/\/diarioregionaldigital.com.br\/?p=139837"},"modified":"2019-05-09T19:53:34","modified_gmt":"2019-05-09T22:53:34","slug":"o-mapa-da-mina","status":"publish","type":"post","link":"https:\/\/diarioregionaldigital.com.br\/?p=139837","title":{"rendered":"O MAPA DA MINA"},"content":{"rendered":"<p>A cada momento, mesmo sem saber, voc\u00ea est\u00e1 criando em sua mente a sua pr\u00f3pria realidade.<\/p>\n<p>Do mesmo modo, voc\u00ea pode planejar e direcionar essa sua capacidade criativa para o sucesso.<\/p>\n<p>Sabe como? \u2014 Estabelecendo suas metas.<\/p>\n<p>Ter metas \u00e9 o mesmo que viajar com um mapa na m\u00e3o: voc\u00ea n\u00e3o erra o caminho.<\/p>\n<p>Planejamento \u00e9 essencial<\/p>\n<p>Algu\u00e9m pode chegar ao topo do Monte Everest sem planejamento? \u00c9 claro que n\u00e3o. Para chegar l\u00e1, \u00e9 preciso planejar cada detalhe. Essa pre\u00adpara\u00e7\u00e3o, que custa milh\u00f5es de d\u00f3lares e envolve muita tecnologia, pode demorar uns quatro anos para ser conclu\u00edda. Sem isso, a pessoa corre o risco de morrer no cami\u00adnho. Sem planejamento, \u00e9 quase imposs\u00edvel atingir grandes metas.<\/p>\n<p>Responda r\u00e1pido: \u2014 O que voc\u00ea vai fazer quando terminar de ler este artigo?\u00a0 E o que voc\u00ea vai fazer com a sua vida daqui a um, cinco ou dez anos?<\/p>\n<p>Para a primeira pergunta, certamente voc\u00ea tem uma resposta. J\u00e1, quanto \u00e0 segunda, \u00e9 muito prov\u00e1vel que voc\u00ea responda que n\u00e3o sabe ou que ainda n\u00e3o teve tempo para pensar.<\/p>\n<p>Explorando o desconhecido<\/p>\n<p>Sem um mapa, fica dif\u00edcil explorar qualquer territ\u00f3rio. Veja este exemplo:<\/p>\n<p>Voc\u00ea est\u00e1 assis\u00adtindo a um curso e precisa de um livro que ficou na estante do seu quarto. Voc\u00ea mora perto da escola e, portanto, tem condi\u00e7\u00f5es de ir e voltar em, no m\u00e1ximo, 20 minutos. Entretanto, o professor n\u00e3o quer que voc\u00ea saia e pede \u00e0 pessoa que est\u00e1 sentada ao seu lado, que v\u00e1 buscar o livro para voc\u00ea.<\/p>\n<p>Ele diz a ela: \u2014 Voc\u00ea acha que d\u00e1 para ir l\u00e1 e voltar em 20 minu\u00adtos?<\/p>\n<p>E ela, naturalmente, responde: \u2014 \u00c9 claro que n\u00e3o! Eu nunca fui \u00e0 casa dessa pessoa, n\u00e3o sei como chegar l\u00e1 nem como entrar na casa, encontrar o quarto dela e a estante onde est\u00e1 o livro&#8230; Na verdade, nem sei qual \u00e9 o livro!<\/p>\n<p>Voc\u00ea tem um mapa mental para ir e voltar para sua casa, voc\u00ea faz isso toda hora, \u00e9 muito f\u00e1cil para voc\u00ea fazer isso. Seu colega na sala de aula n\u00e3o teria a mesma facilidade que voc\u00ea, pois ele n\u00e3o tem esse mapa.<\/p>\n<p>Na vida, \u00e9 a mesma coisa: quando n\u00e3o temos um planejamento exato daquilo que vamos fazer, fica muito dif\u00edcil atingir nossos objetivos.<\/p>\n<p>Quem n\u00e3o tem um mapa, n\u00e3o pode ex\u00adplorar o territ\u00f3rio.<\/p>\n<p><u>\u00a0<\/u><\/p>\n<p>&nbsp;<\/p>\n","protected":false},"excerpt":{"rendered":"<p>A cada momento, mesmo sem saber, voc\u00ea est\u00e1 criando em sua mente a sua pr\u00f3pria realidade. Do mesmo modo, voc\u00ea pode planejar e direcionar essa sua capacidade criativa para o sucesso. Sabe como? \u2014 Estabelecendo suas metas. Ter metas \u00e9 o mesmo que viajar com um mapa na m\u00e3o: voc\u00ea n\u00e3o erra o caminho. Planejamento [&hellip;]<\/p>\n","protected":false},"author":96,"featured_media":96755,"comment_status":"closed","ping_status":"closed","sticky":false,"template":"","format":"standard","meta":{"footnotes":""},"categories":[435,274,439],"tags":[],"class_list":["post-139837","post","type-post","status-publish","format-standard","has-post-thumbnail","hentry","category-colunas","category-dr-lair-ribeiro","category-ultima-hora"],"_links":{"self":[{"href":"https:\/\/diarioregionaldigital.com.br\/index.php?rest_route=\/wp\/v2\/posts\/139837","targetHints":{"allow":["GET"]}}],"collection":[{"href":"https:\/\/diarioregionaldigital.com.br\/index.php?rest_route=\/wp\/v2\/posts"}],"about":[{"href":"https:\/\/diarioregionaldigital.com.br\/index.php?rest_route=\/wp\/v2\/types\/post"}],"author":[{"embeddable":true,"href":"https:\/\/diarioregionaldigital.com.br\/index.php?rest_route=\/wp\/v2\/users\/96"}],"replies":[{"embeddable":true,"href":"https:\/\/diarioregionaldigital.com.br\/index.php?rest_route=%2Fwp%2Fv2%2Fcomments&post=139837"}],"version-history":[{"count":0,"href":"https:\/\/diarioregionaldigital.com.br\/index.php?rest_route=\/wp\/v2\/posts\/139837\/revisions"}],"wp:featuredmedia":[{"embeddable":true,"href":"https:\/\/diarioregionaldigital.com.br\/index.php?rest_route=\/wp\/v2\/media\/96755"}],"wp:attachment":[{"href":"https:\/\/diarioregionaldigital.com.br\/index.php?rest_route=%2Fwp%2Fv2%2Fmedia&parent=139837"}],"wp:term":[{"taxonomy":"category","embeddable":true,"href":"https:\/\/diarioregionaldigital.com.br\/index.php?rest_route=%2Fwp%2Fv2%2Fcategories&post=139837"},{"taxonomy":"post_tag","embeddable":true,"href":"https:\/\/diarioregionaldigital.com.br\/index.php?rest_route=%2Fwp%2Fv2%2Ftags&post=139837"}],"curies":[{"name":"wp","href":"https:\/\/api.w.org\/{rel}","templated":true}]}}