{"id":139831,"date":"2019-05-12T06:00:36","date_gmt":"2019-05-12T09:00:36","guid":{"rendered":"https:\/\/diarioregionaldigital.com.br\/?p=139831"},"modified":"2019-05-09T19:46:24","modified_gmt":"2019-05-09T22:46:24","slug":"cpi-de-brumadinho-ouve-funcionarios-da-vale-nesta-semana","status":"publish","type":"post","link":"https:\/\/diarioregionaldigital.com.br\/?p=139831","title":{"rendered":"CPI de Brumadinho ouve funcion\u00e1rios da Vale nesta semana"},"content":{"rendered":"<p>A Comiss\u00e3o Parlamentar de Inqu\u00e9rito (CPI) de Brumadinho vai ouvir, na pr\u00f3xima ter\u00e7a-feira (14), a partir das 13h, o diretor-executivo de finan\u00e7as e rela\u00e7\u00e3o com investidores, Luciano Pires, e a funcion\u00e1ria do setor de gest\u00e3o de riscos geot\u00e9cnicos da Vale, Marilene Ara\u00fajo.<\/p>\n<p>Eles foram convocados a prestar depoimento para que os senadores consigam construir a cadeia de responsabilidades pelo rompimento da barragem B1 na Mina C\u00f3rrego do Feij\u00e3o, identificando pessoas que, em fun\u00e7\u00e3o de sua posi\u00e7\u00e3o e dos fatos que conheciam, possam ter contribu\u00eddo para o desastre ou estavam em posi\u00e7\u00e3o de impedi-lo e n\u00e3o o fizeram.<\/p>\n<p>Para o relator, senador Carlos Viana (PSD-MG), os funcion\u00e1rios precisam esclarecer quais fatos eram de seu conhecimento e quais a\u00e7\u00f5es foram tomadas para mitigar os riscos de rompimento da barragem.<\/p>\n<p>Sobre Luciano Pires, Viana quer esclarecer quais responsabilidades sobre a trag\u00e9dia podem ser atribu\u00eddas ao diretor e \u00e0 Vale.<\/p>\n<p>Em seu depoimento \u00e0 Justi\u00e7a, MakotoNamba, auditor da T\u00fcvS\u00fcd, empresa respons\u00e1vel pelos laudos que atestaram a estabilidade da barragem, descreve Marilene como uma das interlocutoras da Vale junto a sua empresa, no processo de elabora\u00e7\u00e3o e assinatura dos laudos de estabilidade. Marilene Ara\u00fajo tamb\u00e9m \u00e9 citada nos e-mails trocados entre MakotoNamba e o outro auditor da T\u00fcvS\u00fcd, Ars\u00eanio Negro Junior, como participante das reuni\u00f5es que trataram dos laudos de estabilidade da barragem que acabou ser rompendo. A funcion\u00e1ria da Vale chegou a ter sua pris\u00e3o tempor\u00e1ria decretada.<\/p>\n<p>&nbsp;<\/p>\n<p><strong>Requerimentos<\/strong><\/p>\n<p>Ap\u00f3s a oitiva dos funcion\u00e1rios, os integrantes da CPI v\u00e3o votar requerimentos para convocar Juarez Saliba de Alencar, diretor de estrat\u00e9gia, explora\u00e7\u00e3o, novos neg\u00f3cios e tecnologia da Vale. Ele foi apontado como pessoa de confian\u00e7a do ex-presidente da Vale Fabio Schvartsman e contratado para cuidar, entre outros assuntos, da seguran\u00e7a das barragens.<\/p>\n<p>Tamb\u00e9m votar\u00e3o a convoca\u00e7\u00e3o de Washington Pirete da Silva, funcion\u00e1rio da \u00e1rea de gerenciamento de riscos geot\u00e9cnicos da Vale, gestor do contrato de auditoria no qual a empresa Tractebel foi substitu\u00edda pela empresa T\u00fcvS\u00fcd, em meio ao processo de assinatura da Declara\u00e7\u00e3o de Condi\u00e7\u00e3o de Estabilidade (DCE) da barragem B1 da Mina C\u00f3rrego do Feij\u00e3o, em setembro de 2018.<\/p>\n<p>Outro convocado ser\u00e1 Wagner Ara\u00fajo Nascimento, engenheiro de Minas, chefe da divis\u00e3o de fiscaliza\u00e7\u00e3o de barragens da Ag\u00eancia Nacional de Minera\u00e7\u00e3o (ANM) em Minas Gerais, respons\u00e1vel direto por executar a fiscaliza\u00e7\u00e3o da barragem rompida.<\/p>\n<p>Os senadores tamb\u00e9m v\u00e3o avaliar o convite a Guilherme SpinatoMorlin, consultor do Instituto Justi\u00e7a Fiscal, um dos respons\u00e1veis pela pesquisa intitulada \u201cExtra\u00e7\u00e3o de recursos no Brasil: faturamento comercial indevido no setor de minera\u00e7\u00e3o\u201d. O estudo identificou que empresas minerais t\u00eam levado a perda de receita fiscais no Brasil, por meio da cria\u00e7\u00e3o de filiais em outros pa\u00edses, como a Su\u00ed\u00e7a.<\/p>\n<p>Os produtos, como o min\u00e9rio de ferro, seriam vendidos a pre\u00e7os inferiores aos praticados no mercado para a filial estrangeira, e de l\u00e1 revendidos para os destinos finais, como a China e o Jap\u00e3o, desta vez dentro dos valores de mercado.<\/p>\n<p>De acordo com o estudo, estima-se que a perda de arrecada\u00e7\u00e3o tribut\u00e1ria para o per\u00edodo de 2009 a 2012 foi de US$ 9,4 bilh\u00f5es. Carlos Viana quer ouvir Guilherme Morlin para conhecer detalhes do documento e sugest\u00f5es de mudan\u00e7as na legisla\u00e7\u00e3o.<\/p>\n<p>A reuni\u00e3o da CPI de Brumadinho ser\u00e1 na sala 3 da ala senador Alexandre Costa.<\/p>\n<p>&nbsp;<\/p>\n<p>Fonte: Ag\u00eancia Senado<\/p>\n","protected":false},"excerpt":{"rendered":"<p>A Comiss\u00e3o Parlamentar de Inqu\u00e9rito (CPI) de Brumadinho vai ouvir, na pr\u00f3xima ter\u00e7a-feira (14), a partir das 13h, o diretor-executivo de finan\u00e7as e rela\u00e7\u00e3o com investidores, Luciano Pires, e a funcion\u00e1ria do setor de gest\u00e3o de riscos geot\u00e9cnicos da Vale, Marilene Ara\u00fajo. Eles foram convocados a prestar depoimento para que os senadores consigam construir a [&hellip;]<\/p>\n","protected":false},"author":96,"featured_media":139833,"comment_status":"closed","ping_status":"closed","sticky":false,"template":"","format":"standard","meta":{"footnotes":""},"categories":[436,254,439],"tags":[],"class_list":["post-139831","post","type-post","status-publish","format-standard","has-post-thumbnail","hentry","category-destaque-da-semana","category-politica","category-ultima-hora"],"_links":{"self":[{"href":"https:\/\/diarioregionaldigital.com.br\/index.php?rest_route=\/wp\/v2\/posts\/139831","targetHints":{"allow":["GET"]}}],"collection":[{"href":"https:\/\/diarioregionaldigital.com.br\/index.php?rest_route=\/wp\/v2\/posts"}],"about":[{"href":"https:\/\/diarioregionaldigital.com.br\/index.php?rest_route=\/wp\/v2\/types\/post"}],"author":[{"embeddable":true,"href":"https:\/\/diarioregionaldigital.com.br\/index.php?rest_route=\/wp\/v2\/users\/96"}],"replies":[{"embeddable":true,"href":"https:\/\/diarioregionaldigital.com.br\/index.php?rest_route=%2Fwp%2Fv2%2Fcomments&post=139831"}],"version-history":[{"count":0,"href":"https:\/\/diarioregionaldigital.com.br\/index.php?rest_route=\/wp\/v2\/posts\/139831\/revisions"}],"wp:featuredmedia":[{"embeddable":true,"href":"https:\/\/diarioregionaldigital.com.br\/index.php?rest_route=\/wp\/v2\/media\/139833"}],"wp:attachment":[{"href":"https:\/\/diarioregionaldigital.com.br\/index.php?rest_route=%2Fwp%2Fv2%2Fmedia&parent=139831"}],"wp:term":[{"taxonomy":"category","embeddable":true,"href":"https:\/\/diarioregionaldigital.com.br\/index.php?rest_route=%2Fwp%2Fv2%2Fcategories&post=139831"},{"taxonomy":"post_tag","embeddable":true,"href":"https:\/\/diarioregionaldigital.com.br\/index.php?rest_route=%2Fwp%2Fv2%2Ftags&post=139831"}],"curies":[{"name":"wp","href":"https:\/\/api.w.org\/{rel}","templated":true}]}}