{"id":139826,"date":"2019-05-12T06:00:32","date_gmt":"2019-05-12T09:00:32","guid":{"rendered":"https:\/\/diarioregionaldigital.com.br\/?p=139826"},"modified":"2019-05-09T19:44:35","modified_gmt":"2019-05-09T22:44:35","slug":"indicadores-de-mercado-de-trabalho-apresentam-piora-em-abril","status":"publish","type":"post","link":"https:\/\/diarioregionaldigital.com.br\/?p=139826","title":{"rendered":"Indicadores de mercado de trabalho apresentam piora em abril"},"content":{"rendered":"<p>Os dois indicadores do mercado de trabalho da Funda\u00e7\u00e3o Getulio Vargas (FGV) apresentaram piora na passagem de mar\u00e7o para abril deste ano. O Indicador Antecedente de Emprego (Iaemp), que busca antecipar as tend\u00eancias do mercado de trabalho para os pr\u00f3ximos meses, com base na opini\u00e3o de consumidores e de empres\u00e1rios da ind\u00fastria e de servi\u00e7os, recuou 1 ponto no per\u00edodo.<\/p>\n<p>Com essa, que foi a terceira queda consecutiva, o indicador passou para 92,5 pontos, em uma escala de zero a 200, o menor n\u00edvel desde outubro do ano passado. Em tr\u00eas meses, o Iaemp acumula perda de 8,6 pontos.<\/p>\n<p>J\u00e1 o Indicador Coincidente de Desemprego, que mede a percep\u00e7\u00e3o dos consumidores sobre o mercado de trabalho atual, subiu 0,7 ponto de mar\u00e7o para abril e chegou a 94,8 pontos, em uma escala invertida de zero a 200. Nessa escala invertida, quanto maior a pontua\u00e7\u00e3o, pior \u00e9 o resultado.<\/p>\n<p>&nbsp;<\/p>\n<p>Fonte: Ag\u00eancia Brasil<\/p>\n","protected":false},"excerpt":{"rendered":"<p>Os dois indicadores do mercado de trabalho da Funda\u00e7\u00e3o Getulio Vargas (FGV) apresentaram piora na passagem de mar\u00e7o para abril deste ano. O Indicador Antecedente de Emprego (Iaemp), que busca antecipar as tend\u00eancias do mercado de trabalho para os pr\u00f3ximos meses, com base na opini\u00e3o de consumidores e de empres\u00e1rios da ind\u00fastria e de servi\u00e7os, [&hellip;]<\/p>\n","protected":false},"author":96,"featured_media":139829,"comment_status":"closed","ping_status":"closed","sticky":false,"template":"","format":"standard","meta":{"footnotes":""},"categories":[436,261,439],"tags":[],"class_list":["post-139826","post","type-post","status-publish","format-standard","has-post-thumbnail","hentry","category-destaque-da-semana","category-economia","category-ultima-hora"],"_links":{"self":[{"href":"https:\/\/diarioregionaldigital.com.br\/index.php?rest_route=\/wp\/v2\/posts\/139826","targetHints":{"allow":["GET"]}}],"collection":[{"href":"https:\/\/diarioregionaldigital.com.br\/index.php?rest_route=\/wp\/v2\/posts"}],"about":[{"href":"https:\/\/diarioregionaldigital.com.br\/index.php?rest_route=\/wp\/v2\/types\/post"}],"author":[{"embeddable":true,"href":"https:\/\/diarioregionaldigital.com.br\/index.php?rest_route=\/wp\/v2\/users\/96"}],"replies":[{"embeddable":true,"href":"https:\/\/diarioregionaldigital.com.br\/index.php?rest_route=%2Fwp%2Fv2%2Fcomments&post=139826"}],"version-history":[{"count":0,"href":"https:\/\/diarioregionaldigital.com.br\/index.php?rest_route=\/wp\/v2\/posts\/139826\/revisions"}],"wp:featuredmedia":[{"embeddable":true,"href":"https:\/\/diarioregionaldigital.com.br\/index.php?rest_route=\/wp\/v2\/media\/139829"}],"wp:attachment":[{"href":"https:\/\/diarioregionaldigital.com.br\/index.php?rest_route=%2Fwp%2Fv2%2Fmedia&parent=139826"}],"wp:term":[{"taxonomy":"category","embeddable":true,"href":"https:\/\/diarioregionaldigital.com.br\/index.php?rest_route=%2Fwp%2Fv2%2Fcategories&post=139826"},{"taxonomy":"post_tag","embeddable":true,"href":"https:\/\/diarioregionaldigital.com.br\/index.php?rest_route=%2Fwp%2Fv2%2Ftags&post=139826"}],"curies":[{"name":"wp","href":"https:\/\/api.w.org\/{rel}","templated":true}]}}