{"id":139825,"date":"2019-05-12T06:00:12","date_gmt":"2019-05-12T09:00:12","guid":{"rendered":"https:\/\/diarioregionaldigital.com.br\/?p=139825"},"modified":"2019-05-09T19:43:06","modified_gmt":"2019-05-09T22:43:06","slug":"gasto-publico-ineficiente-no-brasil-gera-perda-de-us-68-bi-por-ano","status":"publish","type":"post","link":"https:\/\/diarioregionaldigital.com.br\/?p=139825","title":{"rendered":"Gasto p\u00fablico ineficiente no Brasil gera perda de US$ 68 bi por ano"},"content":{"rendered":"<p>Os gastos p\u00fablicos ineficientes no Brasil geram preju\u00edzos de US$ 68 bilh\u00f5es por ano ou 3,9% de tudo o que o pa\u00eds produz \u2013 Produto Interno Bruto (PIB).<\/p>\n<p>\u00c9 o que conclui estudo do Banco Interamericano de Desenvolvimento (BID). A publica\u00e7\u00e3o faz parte da s\u00e9rie de estudos denominada Desenvolvimento nas Am\u00e9ricas.<\/p>\n<p>Segundo o organismo, h\u00e1 inefici\u00eancias na aloca\u00e7\u00e3o de recursos p\u00fablicos e na forma de execu\u00e7\u00e3o de programas e projetos, como compras governamentais, na gest\u00e3o do funcionalismo p\u00fablico e nas transfer\u00eancias de recursos.<\/p>\n<p>Para promover a efici\u00eancia do gasto p\u00fablico no Brasil, o estudo sugere melhorar a gest\u00e3o de investimento p\u00fablico, com prioridade a projetos de maior impacto fiscal e que garantam o crescimento do pa\u00eds.<\/p>\n<p>As recomenda\u00e7\u00f5es incluem maiores investimentos em crian\u00e7as em rela\u00e7\u00e3o a idosos, aprimorar a gest\u00e3o do funcionalismo p\u00fablicos a partir de meritocracia e revis\u00e3o de carreiras e sal\u00e1rios, fortalecer os sistemas de compras p\u00fablicas e criar mecanismos que assegurem as transfer\u00eancias de recursos para aqueles que realmente necessitam.<\/p>\n<p>&nbsp;<\/p>\n<p><strong>Reforma da Previd\u00eancia<\/strong><\/p>\n<p>O estudo tamb\u00e9m cita a necessidade de reforma da Previd\u00eancia. Segundo o BID, o gasto no Brasil com previd\u00eancia \u00e9, em termos relativos, o mais alto da regi\u00e3o \u2013 gasta-se sete vezes mais com a popula\u00e7\u00e3o mais velha que os mais jovens.<\/p>\n<p>Se mantidos os n\u00edveis atuais de gastos, diz o Banco\u00a0\u00a0 Interamericano de Desenvolvimento Mundial, os sistemas de previd\u00eancia poderiam aumentar dos atuais 40% do or\u00e7amento para 138% em 2065, inviabilizando o equil\u00edbrio fiscal.<\/p>\n<p>O BID diz ainda que o aumento de gastos do governo dificilmente ajudar\u00e1 a fechar a lacuna de desigualdade do pa\u00eds se as inefici\u00eancias na redistribui\u00e7\u00e3o n\u00e3o forem corrigidas.<\/p>\n<p>No Brasil, os impostos diretos e os programas de transfer\u00eancias de renda \u00e0s fam\u00edlias reduzem a desigualdade em uma m\u00e9dia de 8,3% contra 38% em uma amostra de pa\u00edses desenvolvidos, embora o pa\u00eds gaste valores semelhantes em rela\u00e7\u00e3o ao PIB, diz o levantamento.<\/p>\n<p>Para o BID, o Brasil tamb\u00e9m poderia melhorar indicadores de sa\u00fade mantendo seu or\u00e7amento e direcionando os gastos para servi\u00e7os mais eficientes, gerando, por exemplo, um aumento na expectativa de vida no nascimento de 5,5 anos.<\/p>\n<p>Outro ponto citado \u00e9 que parte do gasto dos governos estaduais e municipais \u00e9 financiado por meio de transfer\u00eancias intergovernamentais \u2013 49% das despesas totais ou 9,9% do PIB. Segundo o BID, estudos emp\u00edricos mostram que mais transfer\u00eancias e menor propor\u00e7\u00e3o de impostos locais tendem a ser gastas em maior n\u00edvel de sal\u00e1rios e em menores n\u00edveis de efici\u00eancia na provis\u00e3o de servi\u00e7os e infraestrutura b\u00e1sica.<\/p>\n<p>&nbsp;<\/p>\n<p><strong>Educa\u00e7\u00e3o<\/strong><\/p>\n<p>O BID recomenda que um maior gasto por aluno seja acompanhado de medidas de resultado, como as provas do Programa Internacional de Avalia\u00e7\u00e3o de Estudantes (Pisa), assim como maior n\u00edvel de forma\u00e7\u00e3o de professores e de ajuste salarial baseado no desempenho.<\/p>\n<p>&nbsp;<\/p>\n<p><strong>Seguran\u00e7a p\u00fablica<\/strong><\/p>\n<p>O Banco Interamericano de Desenvolvimento cita que o setor de seguran\u00e7a absorve 3,7% dos or\u00e7amentos fiscais no Brasil, contra 3,3% de pa\u00edses da Organiza\u00e7\u00e3o para a Coopera\u00e7\u00e3o e Desenvolvimento Econ\u00f4mico (OCDE).<\/p>\n<p>O estudo sugere melhorias nas \u00e1reas de organiza\u00e7\u00e3o e efici\u00eancia policial, evitando a subdivis\u00e3o em muitos departamentos. Outra proposta \u00e9 o melhor gerenciamento dos programas de preven\u00e7\u00e3o de crime, e maior foco em pontos, pessoas e comportamentos de alto risco.<\/p>\n<p>Fonte: Ag\u00eancia Brasil<\/p>\n","protected":false},"excerpt":{"rendered":"<p>Os gastos p\u00fablicos ineficientes no Brasil geram preju\u00edzos de US$ 68 bilh\u00f5es por ano ou 3,9% de tudo o que o pa\u00eds produz \u2013 Produto Interno Bruto (PIB). \u00c9 o que conclui estudo do Banco Interamericano de Desenvolvimento (BID). A publica\u00e7\u00e3o faz parte da s\u00e9rie de estudos denominada Desenvolvimento nas Am\u00e9ricas. Segundo o organismo, h\u00e1 [&hellip;]<\/p>\n","protected":false},"author":96,"featured_media":139827,"comment_status":"closed","ping_status":"closed","sticky":false,"template":"","format":"standard","meta":{"footnotes":""},"categories":[436,261,439],"tags":[],"class_list":["post-139825","post","type-post","status-publish","format-standard","has-post-thumbnail","hentry","category-destaque-da-semana","category-economia","category-ultima-hora"],"_links":{"self":[{"href":"https:\/\/diarioregionaldigital.com.br\/index.php?rest_route=\/wp\/v2\/posts\/139825","targetHints":{"allow":["GET"]}}],"collection":[{"href":"https:\/\/diarioregionaldigital.com.br\/index.php?rest_route=\/wp\/v2\/posts"}],"about":[{"href":"https:\/\/diarioregionaldigital.com.br\/index.php?rest_route=\/wp\/v2\/types\/post"}],"author":[{"embeddable":true,"href":"https:\/\/diarioregionaldigital.com.br\/index.php?rest_route=\/wp\/v2\/users\/96"}],"replies":[{"embeddable":true,"href":"https:\/\/diarioregionaldigital.com.br\/index.php?rest_route=%2Fwp%2Fv2%2Fcomments&post=139825"}],"version-history":[{"count":0,"href":"https:\/\/diarioregionaldigital.com.br\/index.php?rest_route=\/wp\/v2\/posts\/139825\/revisions"}],"wp:featuredmedia":[{"embeddable":true,"href":"https:\/\/diarioregionaldigital.com.br\/index.php?rest_route=\/wp\/v2\/media\/139827"}],"wp:attachment":[{"href":"https:\/\/diarioregionaldigital.com.br\/index.php?rest_route=%2Fwp%2Fv2%2Fmedia&parent=139825"}],"wp:term":[{"taxonomy":"category","embeddable":true,"href":"https:\/\/diarioregionaldigital.com.br\/index.php?rest_route=%2Fwp%2Fv2%2Fcategories&post=139825"},{"taxonomy":"post_tag","embeddable":true,"href":"https:\/\/diarioregionaldigital.com.br\/index.php?rest_route=%2Fwp%2Fv2%2Ftags&post=139825"}],"curies":[{"name":"wp","href":"https:\/\/api.w.org\/{rel}","templated":true}]}}