{"id":139822,"date":"2019-05-12T05:58:43","date_gmt":"2019-05-12T08:58:43","guid":{"rendered":"https:\/\/diarioregionaldigital.com.br\/?p=139822"},"modified":"2019-05-09T19:41:08","modified_gmt":"2019-05-09T22:41:08","slug":"vereadores-discutem-situacao-da-dengue-na-cidade","status":"publish","type":"post","link":"https:\/\/diarioregionaldigital.com.br\/?p=139822","title":{"rendered":"Vereadores discutem situa\u00e7\u00e3o da dengue na cidade"},"content":{"rendered":"<p>Devido ao aumento da dengue na cidade, os vereadores Sargento Mello Casal (PTB), Cido Reis (PSB) e Rodrigo Mattos (PHS) reuniram-se\u00a0com profissionais da sa\u00fade de\u00a0Juiz de Fora, na manh\u00e3 dessa quarta-feira, 8, para tratar da situa\u00e7\u00e3o em que o munic\u00edpio se encontra. No primeiro momento, os vereadores argumentaram aos profissionais qual \u00e9 o real cen\u00e1rio da cidade, se existem a\u00e7\u00f5es e estrat\u00e9gias sendo feitas, se h\u00e1 controle da doen\u00e7a, a quantidade de casos existentes e \u00f3bitos confirmados.<\/p>\n<p>Diante das interroga\u00e7\u00f5es a gerente do Departamento de Vigil\u00e2ncia Epidemiol\u00f3gica e Ambiental, Cec\u00edlia Kosmann, afirmou que\u00a01160 casos de dengue j\u00e1 s\u00e3o confirmados\u00a0no munic\u00edpio,\u00a0149 casos de Chikungunya\u00a0e\u00a05 \u00f3bitos em investiga\u00e7\u00e3o. Ela salientou que Juiz de Fora possui, hoje, o\u00a0v\u00edrus dois da dengue,\u00a0com maior incid\u00eancia em idosos e crian\u00e7as. Este seria um novo sorotipo que pode desenvolver sintomas de maior gravidade na popula\u00e7\u00e3o. Cec\u00edlia tamb\u00e9m disse, que os procedimentos feitos nas unidades de sa\u00fade s\u00e3o de praxe. \u201cSe a pessoa vai no posto, com dor no corpo, febre, dor nos olhos e sem sinal de alarme, ela vai receber a orienta\u00e7\u00e3o para fazer a hidrata\u00e7\u00e3o em casa. Permanecendo os sintomas, ela volta para a unidade de atendimento e, ap\u00f3s o sexto dia, o exame \u00e9 coletado.\u00a0Evoluindo uma piora no quadro, ela receber\u00e1 a hidrata\u00e7\u00e3onaunidade,tendoinclusiveapossibilidadede interna\u00e7\u00e3o\u201d.<\/p>\n<p>O subsecret\u00e1rio de Vigil\u00e2ncia em Sa\u00fade, Rodrigo Almeida, pontuou que todas as redes de sa\u00fade de Juiz de Fora, sejam elas p\u00fablicas ou privadas, receberam uma capacita\u00e7\u00e3o baseada no protocolo de Manchester, que \u00e9 atualizado anualmente. Ele lembrou ainda que a vigil\u00e2ncia tem o plant\u00e3o epidemiol\u00f3gico e que havia apenas uma unidade de sentinela no munic\u00edpio, passando agora para dez unidades sentinela que na sua maioria s\u00e3o p\u00fablica, e tem inclu\u00eddo a Santa Casa de Miseric\u00f3rdia, as UBS e UPAs, sendo elas vistoriadas diariamente pela epidemiologia.\u00a0As unidades sentinela identificam, investigam e notificam, quando confirmados os casos e agravos da doen\u00e7a. \u201cFazemos isso, pois caso este fluxo comece a dar gargalo e os pacientes n\u00e3o forem atendidos, verificamos que \u00e9 o momento de abrir um centro de hidrata\u00e7\u00e3o, onde monitoramos no plant\u00e3o 24h&#8221;.<\/p>\n<p>Diante das interroga\u00e7\u00f5es, a superintendente Regional de Sa\u00fade, Joana D\u00b4arc da Costa Zanelli, informou que possui um acompanhamento do \u00edndice de infesta\u00e7\u00e3o que \u00e9 semanalmente lan\u00e7ado pelo munic\u00edpio e, a partir desse acompanhamento, eles podem ter a\u00a0consci\u00eancia de como est\u00e1 a evolu\u00e7\u00e3o da infesta\u00e7\u00e3o. \u201cNossas a\u00e7\u00f5es come\u00e7am a partir destes dados. Mas podemos minimizar os efeitos da prolifera\u00e7\u00e3o, quando realizamos a\u00e7\u00f5es preventivas de baix\u00edssimo custo.Joana destacou tamb\u00e9m as pol\u00edticas p\u00fablicas a partir do plano de conting\u00eancia do munic\u00edpio. \u201cPodemos come\u00e7ar com as campanhas de estrat\u00e9gias, como um fumac\u00ea nas ruas, mas ele n\u00e3o se torna t\u00e3o eficiente porque ele mascara uma situa\u00e7\u00e3o. O que precisamos \u00e9 eliminar o foco e evitar que aquela situa\u00e7\u00e3o se torne uma epidemia\u201d, disse.<\/p>\n<p>Diogo Mancini especialista da Secretaria Regional de Sa\u00fade trouxe dados mostrando que nos primeiros quatro meses deste ano, 66.850 im\u00f3veis foram vistoriados, sendo que 2.200 recusaram a visita, 44.344 estavam fechados e 3.101 numa segunda visita foram recuperados. Ele ressaltou que \u00e9 de grande import\u00e2ncia que a popula\u00e7\u00e3o deixe o agente de sa\u00fade entrar para verificar poss\u00edveis criadouros.<\/p>\n<p>Os profissionais ressaltaram tamb\u00e9m, que quando h\u00e1 notifica\u00e7\u00f5es nas unidades de sa\u00fade sobre casos de dengue, as equipe de epidemiologia e agentes comunit\u00e1rios realizam uma investiga\u00e7\u00e3o no raio de 180 metros da casa, para prevenir poss\u00edveis casos e aplicar Ultra Baixo Volume (UBV) que s\u00e3o adulticidas utilizados para controlar a fase alada do mosquito.<\/p>\n<p>Mello disse, que n\u00e3o viu informativos da Secretaria de Sa\u00fade salientando a popula\u00e7\u00e3o sobre os cuidados que precisam ter com a dengue, sendo assim, ele disponibilizou os canais da C\u00e2mara para ajudar na divulga\u00e7\u00e3o. \u201cIremos ajudar na divulga\u00e7\u00e3o. Temos a TV a C\u00e2mara, a r\u00e1dio e iremos ajudar no que for poss\u00edvel, para que a informa\u00e7\u00e3o chegue at\u00e9 a popula\u00e7\u00e3o\u201d. disse.<\/p>\n<p>Participaram tamb\u00e9m da reuni\u00e3o o Coordenador de Campo Juvenal Marques, o Coordenador da Defesa Civil Jefferson Rodrigues J\u00fanior e a Subsecretaria de Aten\u00e7\u00e3o Prim\u00e1ria \u00e0 Sa\u00fade Maria Aparecida Martins.<\/p>\n<p>&nbsp;<\/p>\n<p>Fonte: CMJF<\/p>\n","protected":false},"excerpt":{"rendered":"<p>Devido ao aumento da dengue na cidade, os vereadores Sargento Mello Casal (PTB), Cido Reis (PSB) e Rodrigo Mattos (PHS) reuniram-se\u00a0com profissionais da sa\u00fade de\u00a0Juiz de Fora, na manh\u00e3 dessa quarta-feira, 8, para tratar da situa\u00e7\u00e3o em que o munic\u00edpio se encontra. No primeiro momento, os vereadores argumentaram aos profissionais qual \u00e9 o real cen\u00e1rio [&hellip;]<\/p>\n","protected":false},"author":96,"featured_media":139823,"comment_status":"closed","ping_status":"closed","sticky":false,"template":"","format":"standard","meta":{"footnotes":""},"categories":[253,436,440,439],"tags":[],"class_list":["post-139822","post","type-post","status-publish","format-standard","has-post-thumbnail","hentry","category-cidade","category-destaque-da-semana","category-destaques-do-dia","category-ultima-hora"],"_links":{"self":[{"href":"https:\/\/diarioregionaldigital.com.br\/index.php?rest_route=\/wp\/v2\/posts\/139822","targetHints":{"allow":["GET"]}}],"collection":[{"href":"https:\/\/diarioregionaldigital.com.br\/index.php?rest_route=\/wp\/v2\/posts"}],"about":[{"href":"https:\/\/diarioregionaldigital.com.br\/index.php?rest_route=\/wp\/v2\/types\/post"}],"author":[{"embeddable":true,"href":"https:\/\/diarioregionaldigital.com.br\/index.php?rest_route=\/wp\/v2\/users\/96"}],"replies":[{"embeddable":true,"href":"https:\/\/diarioregionaldigital.com.br\/index.php?rest_route=%2Fwp%2Fv2%2Fcomments&post=139822"}],"version-history":[{"count":0,"href":"https:\/\/diarioregionaldigital.com.br\/index.php?rest_route=\/wp\/v2\/posts\/139822\/revisions"}],"wp:featuredmedia":[{"embeddable":true,"href":"https:\/\/diarioregionaldigital.com.br\/index.php?rest_route=\/wp\/v2\/media\/139823"}],"wp:attachment":[{"href":"https:\/\/diarioregionaldigital.com.br\/index.php?rest_route=%2Fwp%2Fv2%2Fmedia&parent=139822"}],"wp:term":[{"taxonomy":"category","embeddable":true,"href":"https:\/\/diarioregionaldigital.com.br\/index.php?rest_route=%2Fwp%2Fv2%2Fcategories&post=139822"},{"taxonomy":"post_tag","embeddable":true,"href":"https:\/\/diarioregionaldigital.com.br\/index.php?rest_route=%2Fwp%2Fv2%2Ftags&post=139822"}],"curies":[{"name":"wp","href":"https:\/\/api.w.org\/{rel}","templated":true}]}}