{"id":139810,"date":"2019-05-12T06:00:43","date_gmt":"2019-05-12T09:00:43","guid":{"rendered":"https:\/\/diarioregionaldigital.com.br\/?p=139810"},"modified":"2019-05-13T15:58:31","modified_gmt":"2019-05-13T18:58:31","slug":"recadastramento-biometrico-podera-ser-realizado-na-camara-a-partir-do-dia-27","status":"publish","type":"post","link":"https:\/\/diarioregionaldigital.com.br\/?p=139810","title":{"rendered":"Recadastramento biom\u00e9trico poder\u00e1 ser realizado na C\u00e2mara a partir do dia 27"},"content":{"rendered":"<p>A partir do dia 27 de maio, os eleitores interessados em fazer o recadastramento biom\u00e9trico obrigat\u00f3rio v\u00e3o poder realizar o processo na C\u00e2mara Municipal de Juiz de Fora. Conforme as informa\u00e7\u00f5es, a Casa firmou parceria com o Tribunal Regional Eleitoral (TRE) com o objetivo de facilitar o acesso dos cidad\u00e3os aos pontos de recadastramento.<\/p>\n<p>O agendamento do hor\u00e1rio de atendimento para fazer o recadastramento come\u00e7ou a ser feito no dia 10 de maio e deve ser realizado pelo site do TRE. Al\u00e9m disso, o agendamento tamb\u00e9m pode ser feito pelo Disque-Eleitor, pelo n\u00famero 148, ou os cidad\u00e3os podem optar por aguardar na fila por ordem de chegada.<\/p>\n<p>No pr\u00e9dio da C\u00e2mara, 26 m\u00e1quinas ser\u00e3o instaladas no sagu\u00e3o do Legislativo e, al\u00e9m de 14 funcion\u00e1rios do TRE, mais 12 funcion\u00e1rios cedidos pela Casa ser\u00e3o treinados para atender a popula\u00e7\u00e3o. O atendimento dura entre 8 e 10 minutos.<\/p>\n<div id=\"attachment_139813\" style=\"width: 535px\" class=\"wp-caption aligncenter\"><img loading=\"lazy\" decoding=\"async\" aria-describedby=\"caption-attachment-139813\" class=\" wp-image-139813\" src=\"https:\/\/diarioregionaldigital.com.br\/wp-content\/uploads\/2019\/05\/Rafaela-usar-essa-2-300x200.jpg\" alt=\"\" width=\"525\" height=\"350\" srcset=\"https:\/\/diarioregionaldigital.com.br\/wp-content\/uploads\/2019\/05\/Rafaela-usar-essa-2-300x200.jpg 300w, https:\/\/diarioregionaldigital.com.br\/wp-content\/uploads\/2019\/05\/Rafaela-usar-essa-2-768x512.jpg 768w, https:\/\/diarioregionaldigital.com.br\/wp-content\/uploads\/2019\/05\/Rafaela-usar-essa-2-1024x683.jpg 1024w, https:\/\/diarioregionaldigital.com.br\/wp-content\/uploads\/2019\/05\/Rafaela-usar-essa-2-360x240.jpg 360w\" sizes=\"auto, (max-width: 525px) 100vw, 525px\" \/><p id=\"caption-attachment-139813\" class=\"wp-caption-text\">O agendamento do hor\u00e1rio de atendimento para fazer o recadastramento come\u00e7ou a ser feito no dia 10 de maio e deve ser realizado pelo site do TRE. Foto: Rafaela Frutuoso<\/p><\/div>\n<p>No dia do recadastramento biom\u00e9trico \u00e9 preciso apresentar RG, comprovante de resid\u00eancia, t\u00edtulo eleitoral (se j\u00e1 possuir) e CPF. Os eleitores de Juiz de Fora que n\u00e3o realizarem o procedimento ter\u00e3o o t\u00edtulo de eleitor cancelado. Quem j\u00e1 fez a coleta de dados biom\u00e9tricos entre 29 de setembro de 2015 e 31 de janeiro de 2019 ter\u00e3o seus dados aproveitados e n\u00e3o precisam fazer o recadastramento.<\/p>\n<p>Inicialmente, a data prevista para come\u00e7ar os atendimentos era a pr\u00f3xima segunda-feira, 13, no entanto, devido ao atraso nas obras do TRE, foi necess\u00e1rio o adiamento.<\/p>\n<p>&nbsp;<\/p>\n<p>&nbsp;<\/p>\n","protected":false},"excerpt":{"rendered":"<p>A partir do dia 27 de maio, os eleitores interessados em fazer o recadastramento biom\u00e9trico obrigat\u00f3rio v\u00e3o poder realizar o processo na C\u00e2mara Municipal de Juiz de Fora. Conforme as informa\u00e7\u00f5es, a Casa firmou parceria com o Tribunal Regional Eleitoral (TRE) com o objetivo de facilitar o acesso dos cidad\u00e3os aos pontos de recadastramento. O [&hellip;]<\/p>\n","protected":false},"author":96,"featured_media":139812,"comment_status":"closed","ping_status":"closed","sticky":false,"template":"","format":"standard","meta":{"footnotes":""},"categories":[253,436,440,439],"tags":[],"class_list":["post-139810","post","type-post","status-publish","format-standard","has-post-thumbnail","hentry","category-cidade","category-destaque-da-semana","category-destaques-do-dia","category-ultima-hora"],"_links":{"self":[{"href":"https:\/\/diarioregionaldigital.com.br\/index.php?rest_route=\/wp\/v2\/posts\/139810","targetHints":{"allow":["GET"]}}],"collection":[{"href":"https:\/\/diarioregionaldigital.com.br\/index.php?rest_route=\/wp\/v2\/posts"}],"about":[{"href":"https:\/\/diarioregionaldigital.com.br\/index.php?rest_route=\/wp\/v2\/types\/post"}],"author":[{"embeddable":true,"href":"https:\/\/diarioregionaldigital.com.br\/index.php?rest_route=\/wp\/v2\/users\/96"}],"replies":[{"embeddable":true,"href":"https:\/\/diarioregionaldigital.com.br\/index.php?rest_route=%2Fwp%2Fv2%2Fcomments&post=139810"}],"version-history":[{"count":0,"href":"https:\/\/diarioregionaldigital.com.br\/index.php?rest_route=\/wp\/v2\/posts\/139810\/revisions"}],"wp:featuredmedia":[{"embeddable":true,"href":"https:\/\/diarioregionaldigital.com.br\/index.php?rest_route=\/wp\/v2\/media\/139812"}],"wp:attachment":[{"href":"https:\/\/diarioregionaldigital.com.br\/index.php?rest_route=%2Fwp%2Fv2%2Fmedia&parent=139810"}],"wp:term":[{"taxonomy":"category","embeddable":true,"href":"https:\/\/diarioregionaldigital.com.br\/index.php?rest_route=%2Fwp%2Fv2%2Fcategories&post=139810"},{"taxonomy":"post_tag","embeddable":true,"href":"https:\/\/diarioregionaldigital.com.br\/index.php?rest_route=%2Fwp%2Fv2%2Ftags&post=139810"}],"curies":[{"name":"wp","href":"https:\/\/api.w.org\/{rel}","templated":true}]}}