{"id":139752,"date":"2019-05-09T14:19:31","date_gmt":"2019-05-09T17:19:31","guid":{"rendered":"https:\/\/diarioregionaldigital.com.br\/?p=139752"},"modified":"2019-05-09T14:19:31","modified_gmt":"2019-05-09T17:19:31","slug":"prf-apreende-caminhao-com-45-mil-litros-de-combustivel-irregular-em-guarara","status":"publish","type":"post","link":"https:\/\/diarioregionaldigital.com.br\/?p=139752","title":{"rendered":"PRF apreende caminh\u00e3o com 45 mil litros de combust\u00edvel irregular em Guarar\u00e1"},"content":{"rendered":"<p>Um caminh\u00e3o que transportava combust\u00edvel irregularmente foi apreendido pela Pol\u00edcia Rodovi\u00e1ria Federal (PRF) na BR-267, pr\u00f3ximo ao munic\u00edpio de Guarar\u00e1, cerca de 42 quil\u00f4metros de Juiz de Fora.<\/p>\n<p>A apreens\u00e3o aconteceu na tarde de quarta-feira, 8, durante fiscaliza\u00e7\u00e3o rotineira realizada pela rodovia, quando a equipe da PRF visualizou o caminh\u00e3o em um posto, na entrada da cidade de Guarar\u00e1. O ve\u00edculo seguia do interior de S\u00e3o Paulo (SP), com destino \u00e0 regi\u00e3o metropolitana do Rio de Janeiro (RJ). Segundo as informa\u00e7\u00f5es da PRF, toda a carga de \u00e1lcool apresentava documenta\u00e7\u00e3o fiscal irregular. O ve\u00edculo e a carga apreendida foram encaminhados \u00e0 delegacia<\/p>\n<p>H\u00e1 cerca de dois meses, outra apreens\u00e3o de combust\u00edvel irregular j\u00e1 havia sido feita pela institui\u00e7\u00e3o. Ainda conforme a PRF, esse tipo de apreens\u00e3o vem crescendo na regi\u00e3o devido \u00e0 especializa\u00e7\u00e3o dos policiais no combate a esse tipo de fraude.<\/p>\n<p>A Pol\u00edcia Rodovi\u00e1ria Federal atua em parceria com outros \u00f3rg\u00e3os de fiscaliza\u00e7\u00e3o, como a Receita Estadual dos Estados de Minas Gerais, Rio de Janeiro e Esp\u00edrito Santo, e tamb\u00e9m com o apoio da Pol\u00edcia Militar, sempre visando maior efici\u00eancia no combate \u00e0 fraude fiscal no transporte de combust\u00edveis.<\/p>\n","protected":false},"excerpt":{"rendered":"<p>Um caminh\u00e3o que transportava combust\u00edvel irregularmente foi apreendido pela Pol\u00edcia Rodovi\u00e1ria Federal (PRF) na BR-267, pr\u00f3ximo ao munic\u00edpio de Guarar\u00e1, cerca de 42 quil\u00f4metros de Juiz de Fora. A apreens\u00e3o aconteceu na tarde de quarta-feira, 8, durante fiscaliza\u00e7\u00e3o rotineira realizada pela rodovia, quando a equipe da PRF visualizou o caminh\u00e3o em um posto, na entrada [&hellip;]<\/p>\n","protected":false},"author":96,"featured_media":139754,"comment_status":"closed","ping_status":"closed","sticky":false,"template":"","format":"standard","meta":{"footnotes":""},"categories":[436,440,252,439],"tags":[],"class_list":["post-139752","post","type-post","status-publish","format-standard","has-post-thumbnail","hentry","category-destaque-da-semana","category-destaques-do-dia","category-regiao","category-ultima-hora"],"_links":{"self":[{"href":"https:\/\/diarioregionaldigital.com.br\/index.php?rest_route=\/wp\/v2\/posts\/139752","targetHints":{"allow":["GET"]}}],"collection":[{"href":"https:\/\/diarioregionaldigital.com.br\/index.php?rest_route=\/wp\/v2\/posts"}],"about":[{"href":"https:\/\/diarioregionaldigital.com.br\/index.php?rest_route=\/wp\/v2\/types\/post"}],"author":[{"embeddable":true,"href":"https:\/\/diarioregionaldigital.com.br\/index.php?rest_route=\/wp\/v2\/users\/96"}],"replies":[{"embeddable":true,"href":"https:\/\/diarioregionaldigital.com.br\/index.php?rest_route=%2Fwp%2Fv2%2Fcomments&post=139752"}],"version-history":[{"count":0,"href":"https:\/\/diarioregionaldigital.com.br\/index.php?rest_route=\/wp\/v2\/posts\/139752\/revisions"}],"wp:featuredmedia":[{"embeddable":true,"href":"https:\/\/diarioregionaldigital.com.br\/index.php?rest_route=\/wp\/v2\/media\/139754"}],"wp:attachment":[{"href":"https:\/\/diarioregionaldigital.com.br\/index.php?rest_route=%2Fwp%2Fv2%2Fmedia&parent=139752"}],"wp:term":[{"taxonomy":"category","embeddable":true,"href":"https:\/\/diarioregionaldigital.com.br\/index.php?rest_route=%2Fwp%2Fv2%2Fcategories&post=139752"},{"taxonomy":"post_tag","embeddable":true,"href":"https:\/\/diarioregionaldigital.com.br\/index.php?rest_route=%2Fwp%2Fv2%2Ftags&post=139752"}],"curies":[{"name":"wp","href":"https:\/\/api.w.org\/{rel}","templated":true}]}}