{"id":139592,"date":"2019-05-06T14:03:23","date_gmt":"2019-05-06T17:03:23","guid":{"rendered":"https:\/\/diarioregionaldigital.com.br\/?p=139592"},"modified":"2019-05-06T17:18:07","modified_gmt":"2019-05-06T20:18:07","slug":"adolescente-e-apreendido-com-drogas-na-zona-norte","status":"publish","type":"post","link":"https:\/\/diarioregionaldigital.com.br\/?p=139592","title":{"rendered":"Adolescente \u00e9 apreendido com drogas na zona Norte"},"content":{"rendered":"<p>Um adolescente de 16 anos foi apreendido pela Pol\u00edcia Militar (PM) nesta segunda-feira, 6, no bairro Jardim Natal, zona Norte de Juiz de Fora, suspeito de tr\u00e1fico de drogas.<\/p>\n<p>De acordo com a PM, os militares receberam informa\u00e7\u00f5es de que o adolescente estaria traficando na rua Augusto Elckman e foram at\u00e9 o local. Os policiais encontraram o autor saindo de uma mata que fica \u00e0s margens do c\u00f3rrego e realizaram a abordagem.<\/p>\n<p>Durante as buscas no local, foram encontradas 50 buchas de maconha, 43 pinos de coca\u00edna, quatro pedras de crack, um celular e R$276,00.<\/p>\n","protected":false},"excerpt":{"rendered":"<p>Um adolescente de 16 anos foi apreendido pela Pol\u00edcia Militar (PM) nesta segunda-feira, 6, no bairro Jardim Natal, zona Norte de Juiz de Fora, suspeito de tr\u00e1fico de drogas. De acordo com a PM, os militares receberam informa\u00e7\u00f5es de que o adolescente estaria traficando na rua Augusto Elckman e foram at\u00e9 o local. Os policiais [&hellip;]<\/p>\n","protected":false},"author":96,"featured_media":139593,"comment_status":"closed","ping_status":"closed","sticky":false,"template":"","format":"standard","meta":{"footnotes":""},"categories":[253,436,440,439],"tags":[],"class_list":["post-139592","post","type-post","status-publish","format-standard","has-post-thumbnail","hentry","category-cidade","category-destaque-da-semana","category-destaques-do-dia","category-ultima-hora"],"_links":{"self":[{"href":"https:\/\/diarioregionaldigital.com.br\/index.php?rest_route=\/wp\/v2\/posts\/139592","targetHints":{"allow":["GET"]}}],"collection":[{"href":"https:\/\/diarioregionaldigital.com.br\/index.php?rest_route=\/wp\/v2\/posts"}],"about":[{"href":"https:\/\/diarioregionaldigital.com.br\/index.php?rest_route=\/wp\/v2\/types\/post"}],"author":[{"embeddable":true,"href":"https:\/\/diarioregionaldigital.com.br\/index.php?rest_route=\/wp\/v2\/users\/96"}],"replies":[{"embeddable":true,"href":"https:\/\/diarioregionaldigital.com.br\/index.php?rest_route=%2Fwp%2Fv2%2Fcomments&post=139592"}],"version-history":[{"count":0,"href":"https:\/\/diarioregionaldigital.com.br\/index.php?rest_route=\/wp\/v2\/posts\/139592\/revisions"}],"wp:featuredmedia":[{"embeddable":true,"href":"https:\/\/diarioregionaldigital.com.br\/index.php?rest_route=\/wp\/v2\/media\/139593"}],"wp:attachment":[{"href":"https:\/\/diarioregionaldigital.com.br\/index.php?rest_route=%2Fwp%2Fv2%2Fmedia&parent=139592"}],"wp:term":[{"taxonomy":"category","embeddable":true,"href":"https:\/\/diarioregionaldigital.com.br\/index.php?rest_route=%2Fwp%2Fv2%2Fcategories&post=139592"},{"taxonomy":"post_tag","embeddable":true,"href":"https:\/\/diarioregionaldigital.com.br\/index.php?rest_route=%2Fwp%2Fv2%2Ftags&post=139592"}],"curies":[{"name":"wp","href":"https:\/\/api.w.org\/{rel}","templated":true}]}}