{"id":139549,"date":"2019-05-06T14:09:01","date_gmt":"2019-05-06T17:09:01","guid":{"rendered":"https:\/\/diarioregionaldigital.com.br\/?p=139549"},"modified":"2019-05-06T14:09:01","modified_gmt":"2019-05-06T17:09:01","slug":"inflacao-para-familias-de-menor-renda-avanca-em-abril-divulga-fgv","status":"publish","type":"post","link":"https:\/\/diarioregionaldigital.com.br\/?p=139549","title":{"rendered":"Infla\u00e7\u00e3o para fam\u00edlias de menor renda avan\u00e7a em abril, divulga FGV"},"content":{"rendered":"<p>A infla\u00e7\u00e3o para fam\u00edlias com renda de 1 a 2,5 sal\u00e1rios m\u00ednimos avan\u00e7ou no m\u00eas de abril e seguiu com uma taxa acumulada maior que o \u00edndice geral. Os dados foram divulgados nesta segunda-feira, 6, pelo Instituto Brasileiro de Economia da Funda\u00e7\u00e3o Get\u00falio Vargas (Ibre\/FGV).<\/p>\n<p>A varia\u00e7\u00e3o de pre\u00e7os para fam\u00edlias de menor renda \u00e9 medida pelo \u00cdndice de Pre\u00e7os ao Consumidor &#8211; Classe 1 (IPC-C1), que fechou o m\u00eas de abril com alta de 0,73%. O resultado de abril representa uma acelera\u00e7\u00e3o da infla\u00e7\u00e3o em rela\u00e7\u00e3o a mar\u00e7o, quando a varia\u00e7\u00e3o foi de 0,67%.<\/p>\n<p>Em 12 meses, a infla\u00e7\u00e3o para as fam\u00edlias com renda de 1 a 2,5 sal\u00e1rios m\u00ednimos acumula 5,86%, enquanto o \u00edndice geral calculado pela FGV, o IPC-BR, soma 5,19%.<\/p>\n<p>Segundo a FGV, o aumento do IPC-C1 foi registrado em sete das oito classes de despesas que fazem parte do or\u00e7amento dessas fam\u00edlias. A classe\u00a0 de sa\u00fade e cuidados pessoais se destacou nesse aspecto, j\u00e1 que saltou de uma infla\u00e7\u00e3o de 0,25% em mar\u00e7o para uma de 1,08% em abril. Os medicamentos em geral contribu\u00edram para o resultado, j\u00e1 que a infla\u00e7\u00e3o de 0,09% em mar\u00e7o aumentou para 1,68% em abril.<\/p>\n<p>Tarifas de \u00f4nibus urbanos, m\u00f3veis para resid\u00eancia, bilhete lot\u00e9rico e passagens a\u00e9reas foram itens \u00edtens que puxaram a infla\u00e7\u00e3o nas classes transportes, habita\u00e7\u00e3o e despesas diversas.<\/p>\n<p>&nbsp;<\/p>\n<p>Fonte: Ag\u00eancia Brasil<\/p>\n","protected":false},"excerpt":{"rendered":"<p>A infla\u00e7\u00e3o para fam\u00edlias com renda de 1 a 2,5 sal\u00e1rios m\u00ednimos avan\u00e7ou no m\u00eas de abril e seguiu com uma taxa acumulada maior que o \u00edndice geral. Os dados foram divulgados nesta segunda-feira, 6, pelo Instituto Brasileiro de Economia da Funda\u00e7\u00e3o Get\u00falio Vargas (Ibre\/FGV). A varia\u00e7\u00e3o de pre\u00e7os para fam\u00edlias de menor renda \u00e9 [&hellip;]<\/p>\n","protected":false},"author":96,"featured_media":136784,"comment_status":"closed","ping_status":"closed","sticky":false,"template":"","format":"standard","meta":{"footnotes":""},"categories":[436,261,262,439],"tags":[],"class_list":["post-139549","post","type-post","status-publish","format-standard","has-post-thumbnail","hentry","category-destaque-da-semana","category-economia","category-noticias","category-ultima-hora"],"_links":{"self":[{"href":"https:\/\/diarioregionaldigital.com.br\/index.php?rest_route=\/wp\/v2\/posts\/139549","targetHints":{"allow":["GET"]}}],"collection":[{"href":"https:\/\/diarioregionaldigital.com.br\/index.php?rest_route=\/wp\/v2\/posts"}],"about":[{"href":"https:\/\/diarioregionaldigital.com.br\/index.php?rest_route=\/wp\/v2\/types\/post"}],"author":[{"embeddable":true,"href":"https:\/\/diarioregionaldigital.com.br\/index.php?rest_route=\/wp\/v2\/users\/96"}],"replies":[{"embeddable":true,"href":"https:\/\/diarioregionaldigital.com.br\/index.php?rest_route=%2Fwp%2Fv2%2Fcomments&post=139549"}],"version-history":[{"count":0,"href":"https:\/\/diarioregionaldigital.com.br\/index.php?rest_route=\/wp\/v2\/posts\/139549\/revisions"}],"wp:featuredmedia":[{"embeddable":true,"href":"https:\/\/diarioregionaldigital.com.br\/index.php?rest_route=\/wp\/v2\/media\/136784"}],"wp:attachment":[{"href":"https:\/\/diarioregionaldigital.com.br\/index.php?rest_route=%2Fwp%2Fv2%2Fmedia&parent=139549"}],"wp:term":[{"taxonomy":"category","embeddable":true,"href":"https:\/\/diarioregionaldigital.com.br\/index.php?rest_route=%2Fwp%2Fv2%2Fcategories&post=139549"},{"taxonomy":"post_tag","embeddable":true,"href":"https:\/\/diarioregionaldigital.com.br\/index.php?rest_route=%2Fwp%2Fv2%2Ftags&post=139549"}],"curies":[{"name":"wp","href":"https:\/\/api.w.org\/{rel}","templated":true}]}}