{"id":139540,"date":"2019-05-06T13:54:44","date_gmt":"2019-05-06T16:54:44","guid":{"rendered":"https:\/\/diarioregionaldigital.com.br\/?p=139540"},"modified":"2019-05-06T13:54:44","modified_gmt":"2019-05-06T16:54:44","slug":"bolsonaro-diz-que-meta-e-implantar-um-colegio-militar-em-cada-capital","status":"publish","type":"post","link":"https:\/\/diarioregionaldigital.com.br\/?p=139540","title":{"rendered":"Bolsonaro diz que meta \u00e9 implantar um col\u00e9gio militar em cada capital"},"content":{"rendered":"<p>O presidente Jair Bolsonaro voltou a defender nesta segunda-feira, 6, a constru\u00e7\u00e3o de col\u00e9gios militares e disse que a meta do atual governo \u00e9 implantar um em cada capital do pa\u00eds. \u201cO que tira um homem ou mulher de uma situa\u00e7\u00e3o dif\u00edcil em que se encontre \u00e9 o conhecimento. Queremos mais crian\u00e7as e jovens estudando nesses bancos escolares. Respeito, disciplina e amor \u00e0 p\u00e1tria s\u00e3o fundamentos importantes desses col\u00e9gios\u201d, afirmou.<\/p>\n<p>Bolsonaro participou de cerim\u00f4nia em comemora\u00e7\u00e3o ao 130\u00ba anivers\u00e1rio do Col\u00e9gio Militar do Rio de Janeiro. Ele destacou a excel\u00eancia do ensino e o sucesso dessas institui\u00e7\u00f5es nas avalia\u00e7\u00f5es da educa\u00e7\u00e3o b\u00e1sica. \u201cPrecisamos promover uma educa\u00e7\u00e3o que prepare nossos jovens para os desafios da quarta revolu\u00e7\u00e3o industrial\u201d.<\/p>\n<p>De acordo com o presidente, j\u00e1 est\u00e1 em andamento a constru\u00e7\u00e3o do maior col\u00e9gio militar do Brasil, no Aeroporto Campo de Marte, na zona norte de S\u00e3o Paulo.<\/p>\n<p><strong>Protesto<\/strong><\/p>\n<p>Pais, alunos e professores dos col\u00e9gios Pedro II (CPII), Aplica\u00e7\u00e3o e Centro Federal de Educa\u00e7\u00e3o Celso Suckow da Fonseca ocuparam as ruas em frente ao Col\u00e9gio Militar para protestar contra a redu\u00e7\u00e3o de 36,37% no or\u00e7amento anual do CPII, anunciada na semana passada pelo Minist\u00e9rio da Educa\u00e7\u00e3o.<br \/>\nAs ruas Morais e Silva e S\u00e3o Francisco Xavier estavam interditadas de manh\u00e3 para a visita do presidente Jair Bolsonaro. Uma das oito unidades do Pedro II no estado fica em frente ao Col\u00e9gio Militar, na Tijuca, zona norte do Rio.<\/p>\n<p>&nbsp;<\/p>\n<p>Fonte: Ag\u00eancia Brasil<\/p>\n","protected":false},"excerpt":{"rendered":"<p>O presidente Jair Bolsonaro voltou a defender nesta segunda-feira, 6, a constru\u00e7\u00e3o de col\u00e9gios militares e disse que a meta do atual governo \u00e9 implantar um em cada capital do pa\u00eds. \u201cO que tira um homem ou mulher de uma situa\u00e7\u00e3o dif\u00edcil em que se encontre \u00e9 o conhecimento. Queremos mais crian\u00e7as e jovens estudando [&hellip;]<\/p>\n","protected":false},"author":96,"featured_media":139541,"comment_status":"closed","ping_status":"closed","sticky":false,"template":"","format":"standard","meta":{"footnotes":""},"categories":[436,262,254,439],"tags":[],"class_list":["post-139540","post","type-post","status-publish","format-standard","has-post-thumbnail","hentry","category-destaque-da-semana","category-noticias","category-politica","category-ultima-hora"],"_links":{"self":[{"href":"https:\/\/diarioregionaldigital.com.br\/index.php?rest_route=\/wp\/v2\/posts\/139540","targetHints":{"allow":["GET"]}}],"collection":[{"href":"https:\/\/diarioregionaldigital.com.br\/index.php?rest_route=\/wp\/v2\/posts"}],"about":[{"href":"https:\/\/diarioregionaldigital.com.br\/index.php?rest_route=\/wp\/v2\/types\/post"}],"author":[{"embeddable":true,"href":"https:\/\/diarioregionaldigital.com.br\/index.php?rest_route=\/wp\/v2\/users\/96"}],"replies":[{"embeddable":true,"href":"https:\/\/diarioregionaldigital.com.br\/index.php?rest_route=%2Fwp%2Fv2%2Fcomments&post=139540"}],"version-history":[{"count":0,"href":"https:\/\/diarioregionaldigital.com.br\/index.php?rest_route=\/wp\/v2\/posts\/139540\/revisions"}],"wp:featuredmedia":[{"embeddable":true,"href":"https:\/\/diarioregionaldigital.com.br\/index.php?rest_route=\/wp\/v2\/media\/139541"}],"wp:attachment":[{"href":"https:\/\/diarioregionaldigital.com.br\/index.php?rest_route=%2Fwp%2Fv2%2Fmedia&parent=139540"}],"wp:term":[{"taxonomy":"category","embeddable":true,"href":"https:\/\/diarioregionaldigital.com.br\/index.php?rest_route=%2Fwp%2Fv2%2Fcategories&post=139540"},{"taxonomy":"post_tag","embeddable":true,"href":"https:\/\/diarioregionaldigital.com.br\/index.php?rest_route=%2Fwp%2Fv2%2Ftags&post=139540"}],"curies":[{"name":"wp","href":"https:\/\/api.w.org\/{rel}","templated":true}]}}