{"id":139537,"date":"2019-05-06T13:50:16","date_gmt":"2019-05-06T16:50:16","guid":{"rendered":"https:\/\/diarioregionaldigital.com.br\/?p=139537"},"modified":"2019-05-06T13:50:16","modified_gmt":"2019-05-06T16:50:16","slug":"governo-autoriza-contratacao-de-234-mil-temporarios-para-censo-2020","status":"publish","type":"post","link":"https:\/\/diarioregionaldigital.com.br\/?p=139537","title":{"rendered":"Governo autoriza contrata\u00e7\u00e3o de 234 mil tempor\u00e1rios para Censo 2020"},"content":{"rendered":"<p>O Minist\u00e9rio da Economia autorizou a contrata\u00e7\u00e3o tempor\u00e1ria de at\u00e9 234,4 mil profissionais para atuarem no Censo 2020, realizado pelo Instituto Brasileiro de Geografia e Estat\u00edstica. Os profissionais ser\u00e3o contratados a partir de janeiro de 2020. A autoriza\u00e7\u00e3o est\u00e1 em portaria publicada no\u00a0<em>Di\u00e1rio Oficial da Uni\u00e3o\u00a0<\/em>desta segunda-feira, 6.<\/p>\n<p>Do total de vagas, 196 mil ser\u00e3o para recenseador que coleta as informa\u00e7\u00f5es junto \u00e0 popula\u00e7\u00e3o. Outra atividade com n\u00famero alto de vagas \u00e9 o de agente censit\u00e1rio supervisor (23.578). Ser\u00e3o contratados ainda supervisores, coordenadores censit\u00e1rios e agentes censit\u00e1rios operacionais.<\/p>\n<p>A contrata\u00e7\u00e3o dos profissionais depende de aprova\u00e7\u00e3o pr\u00e9via em processo seletivo simplificado. O contrato ter\u00e1 dura\u00e7\u00e3o de at\u00e9 um ano, prazo que pode ser prorrogado de acordo com a necessidade de conclus\u00e3o dos trabalhos.<\/p>\n<p>O edital de abertura de inscri\u00e7\u00f5es para o processo seletivo simplificado ser\u00e1 publicado no prazo de at\u00e9 seis meses com detalhes sobre a escolaridade exigida para cada atividade e a remunera\u00e7\u00e3o. Nas \u00faltimas sele\u00e7\u00f5es, a exig\u00eancia era de ensino fundamental completo para o cargo de recenseador.<\/p>\n<p>A portaria informa que as contrata\u00e7\u00f5es ser\u00e3o formalizadas somente mediante disponibilidade de dota\u00e7\u00f5es or\u00e7ament\u00e1rias espec\u00edficas.<\/p>\n<p>&nbsp;<\/p>\n<p>Fonte: Ag\u00eancia Brasil<\/p>\n","protected":false},"excerpt":{"rendered":"<p>O Minist\u00e9rio da Economia autorizou a contrata\u00e7\u00e3o tempor\u00e1ria de at\u00e9 234,4 mil profissionais para atuarem no Censo 2020, realizado pelo Instituto Brasileiro de Geografia e Estat\u00edstica. Os profissionais ser\u00e3o contratados a partir de janeiro de 2020. A autoriza\u00e7\u00e3o est\u00e1 em portaria publicada no\u00a0Di\u00e1rio Oficial da Uni\u00e3o\u00a0desta segunda-feira, 6. Do total de vagas, 196 mil ser\u00e3o [&hellip;]<\/p>\n","protected":false},"author":96,"featured_media":139538,"comment_status":"closed","ping_status":"closed","sticky":false,"template":"","format":"standard","meta":{"footnotes":""},"categories":[436,261,262,439],"tags":[],"class_list":["post-139537","post","type-post","status-publish","format-standard","has-post-thumbnail","hentry","category-destaque-da-semana","category-economia","category-noticias","category-ultima-hora"],"_links":{"self":[{"href":"https:\/\/diarioregionaldigital.com.br\/index.php?rest_route=\/wp\/v2\/posts\/139537","targetHints":{"allow":["GET"]}}],"collection":[{"href":"https:\/\/diarioregionaldigital.com.br\/index.php?rest_route=\/wp\/v2\/posts"}],"about":[{"href":"https:\/\/diarioregionaldigital.com.br\/index.php?rest_route=\/wp\/v2\/types\/post"}],"author":[{"embeddable":true,"href":"https:\/\/diarioregionaldigital.com.br\/index.php?rest_route=\/wp\/v2\/users\/96"}],"replies":[{"embeddable":true,"href":"https:\/\/diarioregionaldigital.com.br\/index.php?rest_route=%2Fwp%2Fv2%2Fcomments&post=139537"}],"version-history":[{"count":0,"href":"https:\/\/diarioregionaldigital.com.br\/index.php?rest_route=\/wp\/v2\/posts\/139537\/revisions"}],"wp:featuredmedia":[{"embeddable":true,"href":"https:\/\/diarioregionaldigital.com.br\/index.php?rest_route=\/wp\/v2\/media\/139538"}],"wp:attachment":[{"href":"https:\/\/diarioregionaldigital.com.br\/index.php?rest_route=%2Fwp%2Fv2%2Fmedia&parent=139537"}],"wp:term":[{"taxonomy":"category","embeddable":true,"href":"https:\/\/diarioregionaldigital.com.br\/index.php?rest_route=%2Fwp%2Fv2%2Fcategories&post=139537"},{"taxonomy":"post_tag","embeddable":true,"href":"https:\/\/diarioregionaldigital.com.br\/index.php?rest_route=%2Fwp%2Fv2%2Ftags&post=139537"}],"curies":[{"name":"wp","href":"https:\/\/api.w.org\/{rel}","templated":true}]}}