{"id":139534,"date":"2019-05-06T11:48:07","date_gmt":"2019-05-06T14:48:07","guid":{"rendered":"https:\/\/diarioregionaldigital.com.br\/?p=139534"},"modified":"2019-05-06T11:48:07","modified_gmt":"2019-05-06T14:48:07","slug":"ademilson-esta-de-volta-ao-tupi-para-o-brasileirao","status":"publish","type":"post","link":"https:\/\/diarioregionaldigital.com.br\/?p=139534","title":{"rendered":"Ademilson est\u00e1 de volta ao Tupi para o Brasileir\u00e3o"},"content":{"rendered":"<p>O torcedor Carij\u00f3 foi surpreendido no fim da tarde desta quinta-feira, dia 02 de maio, com o an\u00fancio do retorno do atacante Adem\u00edlson, de 44 anos, ao Tupi FC. Pelas redes sociais, o clube confirmou a contrata\u00e7\u00e3o de Ad\u00ea para a S\u00e9rie D, e publicou fotos dele ao lado da presidente Miryan Fortuna. O nome de Adem\u00edlson n\u00e3o saiu ainda no BID e por isso n\u00e3o viaja e nem jogou domingo, contra o Herc\u00edlio Luz(SC), fora de casa.<\/p>\n<p>Ademilson, que disputou o Estadual pelo rival Tupynamb\u00e1s, e que defendeu Botafogo, Fluminense, Paysandu, entre outras equipes, inicia sua terceira passagem pelo Galo. Campe\u00e3o em 2011 e artilheiro no acesso de 2013, o \u00eddolo conhece bem a S\u00e9rie D, torneio que tamb\u00e9m jogou em 2009 e 2010.<\/p>\n<p>Ad\u00ea, que tamb\u00e9m ganhou a Ta\u00e7a Minas Gerais em 2008 e \u00e9 o maior goleador da hist\u00f3ria do Est\u00e1dio Municipal Radialista M\u00e1rio Hel\u00eanio, saiu do Tupi em 2015, quando n\u00e3o era aproveitado pelo t\u00e9cnico Leston J\u00fanior.<\/p>\n<p><strong>MAIS UM REFOR\u00c7O PARA A S\u00c9RIE D<\/strong><\/p>\n<p>Outro refor\u00e7o anunciado esta semana \u00e9 o de Jo\u00e3o Vitor Ribeiro Rodrigues, 27 anos, ele atua no\u00a0meio campo. O atleta foi\u00a0revelado pelo Flamengo (RJ) e tem passagens por Artsul FC (RJ), Braga de Portugal,Londrina (PR), Olaria (RJ) ,Fluminense (RJ), Goytacaz FC (RJ).<\/p>\n<p>&nbsp;<\/p>\n","protected":false},"excerpt":{"rendered":"<p>O torcedor Carij\u00f3 foi surpreendido no fim da tarde desta quinta-feira, dia 02 de maio, com o an\u00fancio do retorno do atacante Adem\u00edlson, de 44 anos, ao Tupi FC. Pelas redes sociais, o clube confirmou a contrata\u00e7\u00e3o de Ad\u00ea para a S\u00e9rie D, e publicou fotos dele ao lado da presidente Miryan Fortuna. O nome [&hellip;]<\/p>\n","protected":false},"author":96,"featured_media":139535,"comment_status":"closed","ping_status":"closed","sticky":false,"template":"","format":"standard","meta":{"footnotes":""},"categories":[257,439],"tags":[],"class_list":["post-139534","post","type-post","status-publish","format-standard","has-post-thumbnail","hentry","category-esporte","category-ultima-hora"],"_links":{"self":[{"href":"https:\/\/diarioregionaldigital.com.br\/index.php?rest_route=\/wp\/v2\/posts\/139534","targetHints":{"allow":["GET"]}}],"collection":[{"href":"https:\/\/diarioregionaldigital.com.br\/index.php?rest_route=\/wp\/v2\/posts"}],"about":[{"href":"https:\/\/diarioregionaldigital.com.br\/index.php?rest_route=\/wp\/v2\/types\/post"}],"author":[{"embeddable":true,"href":"https:\/\/diarioregionaldigital.com.br\/index.php?rest_route=\/wp\/v2\/users\/96"}],"replies":[{"embeddable":true,"href":"https:\/\/diarioregionaldigital.com.br\/index.php?rest_route=%2Fwp%2Fv2%2Fcomments&post=139534"}],"version-history":[{"count":0,"href":"https:\/\/diarioregionaldigital.com.br\/index.php?rest_route=\/wp\/v2\/posts\/139534\/revisions"}],"wp:featuredmedia":[{"embeddable":true,"href":"https:\/\/diarioregionaldigital.com.br\/index.php?rest_route=\/wp\/v2\/media\/139535"}],"wp:attachment":[{"href":"https:\/\/diarioregionaldigital.com.br\/index.php?rest_route=%2Fwp%2Fv2%2Fmedia&parent=139534"}],"wp:term":[{"taxonomy":"category","embeddable":true,"href":"https:\/\/diarioregionaldigital.com.br\/index.php?rest_route=%2Fwp%2Fv2%2Fcategories&post=139534"},{"taxonomy":"post_tag","embeddable":true,"href":"https:\/\/diarioregionaldigital.com.br\/index.php?rest_route=%2Fwp%2Fv2%2Ftags&post=139534"}],"curies":[{"name":"wp","href":"https:\/\/api.w.org\/{rel}","templated":true}]}}