{"id":139531,"date":"2019-05-06T11:45:43","date_gmt":"2019-05-06T14:45:43","guid":{"rendered":"https:\/\/diarioregionaldigital.com.br\/?p=139531"},"modified":"2019-05-06T11:45:43","modified_gmt":"2019-05-06T14:45:43","slug":"tupi-estreia-com-derrota-na-serie-d","status":"publish","type":"post","link":"https:\/\/diarioregionaldigital.com.br\/?p=139531","title":{"rendered":"Tupi estreia com derrota na S\u00e9rie D"},"content":{"rendered":"<p>O Tupi segue sem vencer na temporada 2019. Na estreia da S\u00e9rie D, neste domingo, em Santa Catarina, o time juiz-forano foi derrotado pelo Herc\u00edlio Luz, por 2 a 1. O jogo foi no est\u00e1dio An\u00edbal Costa, em Tubar\u00e3o-SC. Os gols do Colorado foram constru\u00eddos no primeiro tempo, com Juliano e Mateuzinho, descontando Hugo Rodrigues, de p\u00eanalti, para o alvinegro. No outro jogo da rodada, Itabora\u00ed e Novorizontino empataram por 1 a 1, no est\u00e1dio Alzir\u00e3o.<\/p>\n<p>O Galo Carij\u00f3 volta a jogar no s\u00e1bado, dia 11 de maio, em Juiz de Fora. A partida contra o Itabora\u00ed ser\u00e1 no est\u00e1dio M\u00e1rio Hel\u00eanio, 16h. A diretoria confirmou ingressos a R$ 30,00 (inteira) e R$ 15,00 (meia). Haver\u00e1 preliminar do Galinho (SUB-20) contra o Boston City, de Manhua\u00e7u, \u00e0s 13h.<\/p>\n<p>FICHA T\u00c9CNICA<\/p>\n<p>HERC\u00cdLIO LUZ: Paulo S\u00e9rgio; Victor Guilherme, Murilo Henrique, Carl\u00e3o Farias e Vav\u00e1; Maycon, Rudnei, Mateuzinho (L\u00e9o Costa) e Rafael Say\u00e3o; Juliano (Luan) e Kayron (J\u00fanior Juazeiro). T\u00e9cnico: J\u00falio C\u00e9sar Nunes.<\/p>\n<p>TUPI: Ricardo Vilar; Ryan, Adalberto, Lucas Tavares e Lucas; Guilherme Henrique (Cleiton), Marcel (Hugo Rodrigues), Max Carrasco e Juninho; Felipe Santos (Sab\u00e3o) e Gabriel Costa. T\u00e9cnico: Beto Sousa<\/p>\n<p>DETALHES \u2013 Local: Est\u00e1dio An\u00edbal Torres Costa, em Tubar\u00e3o\/SC.<\/p>\n<p>Arbitragem de\u00a0Felipe Gomes da Silva, auxiliado por Jo\u00e3o Fabio Machado Brischiliari e Weber Felipe Silva.<\/p>\n<p>P\u00fablico: 569 Renda: R$ 11.559,00<\/p>\n<p>Gols: Juliano e Mateuzinho (HL) e Hugo (T).<\/p>\n<p><strong>Fonte: P\u00e1gina Oficial do Herc\u00edlio Luz(SC)<\/strong><\/p>\n","protected":false},"excerpt":{"rendered":"<p>O Tupi segue sem vencer na temporada 2019. Na estreia da S\u00e9rie D, neste domingo, em Santa Catarina, o time juiz-forano foi derrotado pelo Herc\u00edlio Luz, por 2 a 1. O jogo foi no est\u00e1dio An\u00edbal Costa, em Tubar\u00e3o-SC. Os gols do Colorado foram constru\u00eddos no primeiro tempo, com Juliano e Mateuzinho, descontando Hugo Rodrigues, [&hellip;]<\/p>\n","protected":false},"author":96,"featured_media":139532,"comment_status":"closed","ping_status":"closed","sticky":false,"template":"","format":"standard","meta":{"footnotes":""},"categories":[257,439],"tags":[],"class_list":["post-139531","post","type-post","status-publish","format-standard","has-post-thumbnail","hentry","category-esporte","category-ultima-hora"],"_links":{"self":[{"href":"https:\/\/diarioregionaldigital.com.br\/index.php?rest_route=\/wp\/v2\/posts\/139531","targetHints":{"allow":["GET"]}}],"collection":[{"href":"https:\/\/diarioregionaldigital.com.br\/index.php?rest_route=\/wp\/v2\/posts"}],"about":[{"href":"https:\/\/diarioregionaldigital.com.br\/index.php?rest_route=\/wp\/v2\/types\/post"}],"author":[{"embeddable":true,"href":"https:\/\/diarioregionaldigital.com.br\/index.php?rest_route=\/wp\/v2\/users\/96"}],"replies":[{"embeddable":true,"href":"https:\/\/diarioregionaldigital.com.br\/index.php?rest_route=%2Fwp%2Fv2%2Fcomments&post=139531"}],"version-history":[{"count":0,"href":"https:\/\/diarioregionaldigital.com.br\/index.php?rest_route=\/wp\/v2\/posts\/139531\/revisions"}],"wp:featuredmedia":[{"embeddable":true,"href":"https:\/\/diarioregionaldigital.com.br\/index.php?rest_route=\/wp\/v2\/media\/139532"}],"wp:attachment":[{"href":"https:\/\/diarioregionaldigital.com.br\/index.php?rest_route=%2Fwp%2Fv2%2Fmedia&parent=139531"}],"wp:term":[{"taxonomy":"category","embeddable":true,"href":"https:\/\/diarioregionaldigital.com.br\/index.php?rest_route=%2Fwp%2Fv2%2Fcategories&post=139531"},{"taxonomy":"post_tag","embeddable":true,"href":"https:\/\/diarioregionaldigital.com.br\/index.php?rest_route=%2Fwp%2Fv2%2Ftags&post=139531"}],"curies":[{"name":"wp","href":"https:\/\/api.w.org\/{rel}","templated":true}]}}