{"id":139518,"date":"2019-05-04T10:28:37","date_gmt":"2019-05-04T13:28:37","guid":{"rendered":"https:\/\/diarioregionaldigital.com.br\/?p=139518"},"modified":"2019-05-04T10:28:37","modified_gmt":"2019-05-04T13:28:37","slug":"comissao-mista-vota-relatorio-final-da-mp-do-saneamento-basico","status":"publish","type":"post","link":"https:\/\/diarioregionaldigital.com.br\/?p=139518","title":{"rendered":"Comiss\u00e3o mista vota relat\u00f3rio final da MP do Saneamento B\u00e1sico"},"content":{"rendered":"<p>Est\u00e1 agendada para as 14h da ter\u00e7a-feira, 7, reuni\u00e3o para a comiss\u00e3o mista votar o relat\u00f3rio final sobre a Medida Provis\u00f3ria (MP)\u00a0<a class=\"external-link\" href=\"http:\/\/www.congressonacional.leg.br\/materias\/medidas-provisorias\/-\/mpv\/135061\">868\/2018<\/a>, que atualiza o marco legal do saneamento b\u00e1sico e d\u00e1 compet\u00eancia para a Ag\u00eancia Nacional de \u00c1guas (ANA) editar normas nacionais sobre esse servi\u00e7o p\u00fablico.<\/p>\n<p>O relator, senador Tasso Jereissati (PSDB-MG),\u00a0apresentou seu relat\u00f3rio\u00a0na \u00faltima reuni\u00e3o do colegiado com diversas modifica\u00e7\u00f5es no texto original do Poder Executivo.<\/p>\n<p>A MP tamb\u00e9m autoriza a Uni\u00e3o a participar de um fundo para financiar servi\u00e7os t\u00e9cnicos especializados no setor e determina que a regulamenta\u00e7\u00e3o de \u00e1guas e esgotos, hoje atribui\u00e7\u00e3o dos munic\u00edpios brasileiros, se torne responsabilidade do governo federal, atrav\u00e9s da ag\u00eancia reguladora, que ficaria respons\u00e1vel pela fixa\u00e7\u00e3o das tarifas cobradas. J\u00e1 os contratos de saneamento passariam a ser estabelecidos por meio de licita\u00e7\u00f5es, facilitando a cria\u00e7\u00e3o de parcerias p\u00fablico-privadas.<\/p>\n<p>As emendas que foram acolhidas pelo relator tratam de temas como controle da perda de \u00e1gua, universaliza\u00e7\u00e3o do saneamento b\u00e1sico, metas de cobertura, subs\u00eddios para popula\u00e7\u00f5es de baixa renda, infraestrutura de \u00e1gua e esgoto, entre outras. Ao acolher algumas dessas emendas, Tasso retira do texto a cria\u00e7\u00e3o de um novo artigo na Lei de Saneamento B\u00e1sico (<a class=\"external-link\" href=\"http:\/\/www.planalto.gov.br\/ccivil_03\/_ato2007-2010\/2007\/lei\/l11445.htm\">Lei 11.445, de 2007<\/a>), que abre a possibilidade de empresas privadas celebrarem contratos com o setor p\u00fablico sem licita\u00e7\u00e3o.<\/p>\n<p>O pr\u00f3prio Tasso acrescentou ao texto que a ANA dever\u00e1 ter normas de refer\u00eancia sobre a metodologia de c\u00e1lculo de indeniza\u00e7\u00f5es relativas a investimentos n\u00e3o amortizados ou depreciados, a governan\u00e7a das entidades reguladoras e o re\u00faso de efluentes sanit\u00e1rios.<\/p>\n<p>Entre as diretrizes a serem perseguidas pelo poder p\u00fablico, o relator incluiu a regionaliza\u00e7\u00e3o da presta\u00e7\u00e3o dos servi\u00e7os e a melhoria progressiva das metas de cobertura e de qualidade.<\/p>\n<p>Outra diretriz inclu\u00edda pelo senador \u00e9 a de redu\u00e7\u00e3o e controle das perdas de \u00e1gua, racionaliza\u00e7\u00e3o do consumo e fomento \u00e0 efici\u00eancia energ\u00e9tica, ao re\u00faso de efluentes e ao aproveitamento de \u00e1guas de chuva, al\u00e9m da presta\u00e7\u00e3o regionalizada com vistas \u00e0 universaliza\u00e7\u00e3o dos servi\u00e7os e competi\u00e7\u00e3o na sua presta\u00e7\u00e3o.<\/p>\n<p>O relat\u00f3rio de Tasso tamb\u00e9m torna obrigat\u00f3ria a consulta a entidades representativas no processo de elabora\u00e7\u00e3o das normas de refer\u00eancia.<\/p>\n<p>Depois de passar pela comiss\u00e3o mista, a MP 868\/2018 ainda ter\u00e1 de ser votada pelos plen\u00e1rios da C\u00e2mara e do Senado. O prazo final para que o Congresso termine a vota\u00e7\u00e3o da MP antes que ela perca sua validade \u00e9 3 de junho.<\/p>\n<p>Fonte: Ag\u00eancia Senado<\/p>\n","protected":false},"excerpt":{"rendered":"<p>Est\u00e1 agendada para as 14h da ter\u00e7a-feira, 7, reuni\u00e3o para a comiss\u00e3o mista votar o relat\u00f3rio final sobre a Medida Provis\u00f3ria (MP)\u00a0868\/2018, que atualiza o marco legal do saneamento b\u00e1sico e d\u00e1 compet\u00eancia para a Ag\u00eancia Nacional de \u00c1guas (ANA) editar normas nacionais sobre esse servi\u00e7o p\u00fablico. O relator, senador Tasso Jereissati (PSDB-MG),\u00a0apresentou seu relat\u00f3rio\u00a0na [&hellip;]<\/p>\n","protected":false},"author":96,"featured_media":139521,"comment_status":"closed","ping_status":"closed","sticky":false,"template":"","format":"standard","meta":{"footnotes":""},"categories":[436,254,439],"tags":[],"class_list":["post-139518","post","type-post","status-publish","format-standard","has-post-thumbnail","hentry","category-destaque-da-semana","category-politica","category-ultima-hora"],"_links":{"self":[{"href":"https:\/\/diarioregionaldigital.com.br\/index.php?rest_route=\/wp\/v2\/posts\/139518","targetHints":{"allow":["GET"]}}],"collection":[{"href":"https:\/\/diarioregionaldigital.com.br\/index.php?rest_route=\/wp\/v2\/posts"}],"about":[{"href":"https:\/\/diarioregionaldigital.com.br\/index.php?rest_route=\/wp\/v2\/types\/post"}],"author":[{"embeddable":true,"href":"https:\/\/diarioregionaldigital.com.br\/index.php?rest_route=\/wp\/v2\/users\/96"}],"replies":[{"embeddable":true,"href":"https:\/\/diarioregionaldigital.com.br\/index.php?rest_route=%2Fwp%2Fv2%2Fcomments&post=139518"}],"version-history":[{"count":0,"href":"https:\/\/diarioregionaldigital.com.br\/index.php?rest_route=\/wp\/v2\/posts\/139518\/revisions"}],"wp:featuredmedia":[{"embeddable":true,"href":"https:\/\/diarioregionaldigital.com.br\/index.php?rest_route=\/wp\/v2\/media\/139521"}],"wp:attachment":[{"href":"https:\/\/diarioregionaldigital.com.br\/index.php?rest_route=%2Fwp%2Fv2%2Fmedia&parent=139518"}],"wp:term":[{"taxonomy":"category","embeddable":true,"href":"https:\/\/diarioregionaldigital.com.br\/index.php?rest_route=%2Fwp%2Fv2%2Fcategories&post=139518"},{"taxonomy":"post_tag","embeddable":true,"href":"https:\/\/diarioregionaldigital.com.br\/index.php?rest_route=%2Fwp%2Fv2%2Ftags&post=139518"}],"curies":[{"name":"wp","href":"https:\/\/api.w.org\/{rel}","templated":true}]}}