{"id":139493,"date":"2019-05-04T07:59:19","date_gmt":"2019-05-04T10:59:19","guid":{"rendered":"https:\/\/diarioregionaldigital.com.br\/?p=139493"},"modified":"2019-05-04T07:59:19","modified_gmt":"2019-05-04T10:59:19","slug":"pgr-reitera-posicao-contra-inquerito-do-stf-sobre-fake-news","status":"publish","type":"post","link":"https:\/\/diarioregionaldigital.com.br\/?p=139493","title":{"rendered":"PGR reitera posi\u00e7\u00e3o contra inqu\u00e9rito do STF sobre fake news"},"content":{"rendered":"<p>A procuradora-geral da Rep\u00fablica, Raquel Dodge, voltou a se manifestar nessa quinta-feira, 3, contra o inqu\u00e9rito aberto pelo Supremo Tribunal Federal (STF) para apurar not\u00edcias falsas (<em>fake news<\/em>) e ofensas que tenham a Corte como alvo.<\/p>\n<p>Em nova manifesta\u00e7\u00e3o enviada ao Supremo, Dodge reiterou que a investiga\u00e7\u00e3o \u00e9 inconstitucional. O parecer foi enviado ao STF para basear o pedido da Rede para suspender a investiga\u00e7\u00e3o. O relator do caso \u00e9 o ministro Edson Fachin.<\/p>\n<p>De acordo com a procuradora, o inqu\u00e9rito viola os princ\u00edpios constitucionais da separa\u00e7\u00e3o de Poderes e do juiz natural, al\u00e9m do sistema penal acusat\u00f3rio.<\/p>\n<p>\u201cOs \u00f3rg\u00e3os do Poder P\u00fablico, quando investigam, processam ou julgam, n\u00e3o est\u00e3o exonerados do dever de respeitar os estritos limites da lei e da Constitui\u00e7\u00e3o, por mais graves que sejam os fatos cuja pr\u00e1tica tenha motivado a instaura\u00e7\u00e3o do procedimento estatal&#8221;, disse.<\/p>\n<h2>Inqu\u00e9rito sobre not\u00edcias falsas<\/h2>\n<p>O caso envolvendo cr\u00edticas sobre a Corte come\u00e7ou em mar\u00e7o. Ao anunciar a\u00a0abertura do inqu\u00e9rito, no dia 14 de mar\u00e7o, Toffoli referiu-se \u00e0 veicula\u00e7\u00e3o de \u201cnot\u00edcias falsas (<em>fake news<\/em>)\u201d que atingem a honorabilidade e a seguran\u00e7a do STF, de seus membros e parentes. Segundo ele, a decis\u00e3o pela abertura est\u00e1 amparada no regimento interno da Corte.<\/p>\n<p>Em seguida, o ministro Alexandre de Moraes, que foi nomeado por Toffoli como relator do inqu\u00e9rito, determinou a retirada de reportagens da revista\u00a0<em>Cruso\u00e9<\/em>\u00a0e do site\u00a0<em>O Antagonista<\/em>\u00a0que citavam o presidente da Corte, Dias Toffoli.<\/p>\n<p>Moraes\u00a0autorizou a Pol\u00edcia Federal\u00a0a realizar buscas e apreens\u00f5es contra quatro pessoas, entre elas, o candidato ao governo do Distrito Federal nas \u00faltimas elei\u00e7\u00f5es, o general de Ex\u00e9rcito Paulo Chagas (PRP).<\/p>\n<p>Posteriormente, a procuradora-geral da Rep\u00fablica, Raquel Dodge,\u00a0arquivou o inqu\u00e9rito, mas Moraes\u00a0rejeitou <a href=\"http:\/\/agenciabrasil.ebc.com.br\/justica\/noticia\/2019-04\/moraes-nega-pedido-de-pgr-e-mantem-inquerito-para-apurar-fake-news\" target=\"_blank\" rel=\"noopener\">a medida.<\/a><\/p>\n<p>Apesar de a procuradora entender que o arquivamento \u00e9 um procedimento pr\u00f3prio da PGR e irrecus\u00e1vel, Moraes tomou a manifesta\u00e7\u00e3o como uma solicita\u00e7\u00e3o e entendeu que a medida precisa ser homologada pelo STF.<\/p>\n<p>Fonte: Ag\u00eancia Brasil<\/p>\n","protected":false},"excerpt":{"rendered":"<p>A procuradora-geral da Rep\u00fablica, Raquel Dodge, voltou a se manifestar nessa quinta-feira, 3, contra o inqu\u00e9rito aberto pelo Supremo Tribunal Federal (STF) para apurar not\u00edcias falsas (fake news) e ofensas que tenham a Corte como alvo. Em nova manifesta\u00e7\u00e3o enviada ao Supremo, Dodge reiterou que a investiga\u00e7\u00e3o \u00e9 inconstitucional. O parecer foi enviado ao STF [&hellip;]<\/p>\n","protected":false},"author":96,"featured_media":139494,"comment_status":"closed","ping_status":"closed","sticky":false,"template":"","format":"standard","meta":{"footnotes":""},"categories":[302,436,439],"tags":[],"class_list":["post-139493","post","type-post","status-publish","format-standard","has-post-thumbnail","hentry","category-brasil-mundo","category-destaque-da-semana","category-ultima-hora"],"_links":{"self":[{"href":"https:\/\/diarioregionaldigital.com.br\/index.php?rest_route=\/wp\/v2\/posts\/139493","targetHints":{"allow":["GET"]}}],"collection":[{"href":"https:\/\/diarioregionaldigital.com.br\/index.php?rest_route=\/wp\/v2\/posts"}],"about":[{"href":"https:\/\/diarioregionaldigital.com.br\/index.php?rest_route=\/wp\/v2\/types\/post"}],"author":[{"embeddable":true,"href":"https:\/\/diarioregionaldigital.com.br\/index.php?rest_route=\/wp\/v2\/users\/96"}],"replies":[{"embeddable":true,"href":"https:\/\/diarioregionaldigital.com.br\/index.php?rest_route=%2Fwp%2Fv2%2Fcomments&post=139493"}],"version-history":[{"count":0,"href":"https:\/\/diarioregionaldigital.com.br\/index.php?rest_route=\/wp\/v2\/posts\/139493\/revisions"}],"wp:featuredmedia":[{"embeddable":true,"href":"https:\/\/diarioregionaldigital.com.br\/index.php?rest_route=\/wp\/v2\/media\/139494"}],"wp:attachment":[{"href":"https:\/\/diarioregionaldigital.com.br\/index.php?rest_route=%2Fwp%2Fv2%2Fmedia&parent=139493"}],"wp:term":[{"taxonomy":"category","embeddable":true,"href":"https:\/\/diarioregionaldigital.com.br\/index.php?rest_route=%2Fwp%2Fv2%2Fcategories&post=139493"},{"taxonomy":"post_tag","embeddable":true,"href":"https:\/\/diarioregionaldigital.com.br\/index.php?rest_route=%2Fwp%2Fv2%2Ftags&post=139493"}],"curies":[{"name":"wp","href":"https:\/\/api.w.org\/{rel}","templated":true}]}}