{"id":139475,"date":"2019-05-05T06:00:33","date_gmt":"2019-05-05T09:00:33","guid":{"rendered":"https:\/\/diarioregionaldigital.com.br\/?p=139475"},"modified":"2019-05-03T22:54:15","modified_gmt":"2019-05-04T01:54:15","slug":"machado-sobrinho-convocacao-assembleia-05-05-19","status":"publish","type":"post","link":"https:\/\/diarioregionaldigital.com.br\/?p=139475","title":{"rendered":"Machado Sobrinho &#8211; Convoca\u00e7\u00e3o Assembl\u00e9ia &#8211; 05\/05\/19"},"content":{"rendered":"<p><img loading=\"lazy\" decoding=\"async\" class=\"aligncenter wp-image-139476\" src=\"https:\/\/diarioregionaldigital.com.br\/wp-content\/uploads\/2019\/05\/MACHADO-SOBRINHO.jpg\" alt=\"\" width=\"500\" height=\"571\" srcset=\"https:\/\/diarioregionaldigital.com.br\/wp-content\/uploads\/2019\/05\/MACHADO-SOBRINHO.jpg 2014w, https:\/\/diarioregionaldigital.com.br\/wp-content\/uploads\/2019\/05\/MACHADO-SOBRINHO-263x300.jpg 263w, https:\/\/diarioregionaldigital.com.br\/wp-content\/uploads\/2019\/05\/MACHADO-SOBRINHO-768x876.jpg 768w, https:\/\/diarioregionaldigital.com.br\/wp-content\/uploads\/2019\/05\/MACHADO-SOBRINHO-897x1024.jpg 897w, https:\/\/diarioregionaldigital.com.br\/wp-content\/uploads\/2019\/05\/MACHADO-SOBRINHO-360x411.jpg 360w\" sizes=\"auto, (max-width: 500px) 100vw, 500px\" \/><\/p>\n","protected":false},"excerpt":{"rendered":"","protected":false},"author":96,"featured_media":0,"comment_status":"closed","ping_status":"closed","sticky":false,"template":"","format":"standard","meta":{"footnotes":""},"categories":[307],"tags":[],"class_list":["post-139475","post","type-post","status-publish","format-standard","hentry","category-editais"],"_links":{"self":[{"href":"https:\/\/diarioregionaldigital.com.br\/index.php?rest_route=\/wp\/v2\/posts\/139475","targetHints":{"allow":["GET"]}}],"collection":[{"href":"https:\/\/diarioregionaldigital.com.br\/index.php?rest_route=\/wp\/v2\/posts"}],"about":[{"href":"https:\/\/diarioregionaldigital.com.br\/index.php?rest_route=\/wp\/v2\/types\/post"}],"author":[{"embeddable":true,"href":"https:\/\/diarioregionaldigital.com.br\/index.php?rest_route=\/wp\/v2\/users\/96"}],"replies":[{"embeddable":true,"href":"https:\/\/diarioregionaldigital.com.br\/index.php?rest_route=%2Fwp%2Fv2%2Fcomments&post=139475"}],"version-history":[{"count":0,"href":"https:\/\/diarioregionaldigital.com.br\/index.php?rest_route=\/wp\/v2\/posts\/139475\/revisions"}],"wp:attachment":[{"href":"https:\/\/diarioregionaldigital.com.br\/index.php?rest_route=%2Fwp%2Fv2%2Fmedia&parent=139475"}],"wp:term":[{"taxonomy":"category","embeddable":true,"href":"https:\/\/diarioregionaldigital.com.br\/index.php?rest_route=%2Fwp%2Fv2%2Fcategories&post=139475"},{"taxonomy":"post_tag","embeddable":true,"href":"https:\/\/diarioregionaldigital.com.br\/index.php?rest_route=%2Fwp%2Fv2%2Ftags&post=139475"}],"curies":[{"name":"wp","href":"https:\/\/api.w.org\/{rel}","templated":true}]}}