{"id":139463,"date":"2019-05-03T15:44:56","date_gmt":"2019-05-03T18:44:56","guid":{"rendered":"https:\/\/diarioregionaldigital.com.br\/?p=139463"},"modified":"2019-05-03T15:44:56","modified_gmt":"2019-05-03T18:44:56","slug":"dia-d-de-vacinacao-contra-a-gripe-sera-neste-sabado-em-todo-o-pais","status":"publish","type":"post","link":"https:\/\/diarioregionaldigital.com.br\/?p=139463","title":{"rendered":"Dia D de vacina\u00e7\u00e3o contra a gripe ser\u00e1 neste s\u00e1bado em todo o pa\u00eds"},"content":{"rendered":"<p>O Dia D de mobiliza\u00e7\u00e3o contra a gripe ocorre neste s\u00e1bado, 4,em todo o pa\u00eds. A previs\u00e3o, de acordo com o Minist\u00e9rio da Sa\u00fade, \u00e9 que mais de 41 mil postos de sa\u00fade permane\u00e7am abertos em todos os estados ao longo do dia. A Campanha Nacional de Vacina\u00e7\u00e3o contra a Influenza come\u00e7ou no \u00faltimo dia 10 e prossegue at\u00e9 31 de maio. A meta \u00e9 imunizar pelo menos 90% de cerca de 59,5 milh\u00f5es de pessoas.<\/p>\n<p>Devem receber a dose crian\u00e7as com idade entre 6 meses e menores de 6 anos; gr\u00e1vidas em qualquer per\u00edodo gestacional; pu\u00e9rperas (at\u00e9 45 dias ap\u00f3s o parto); trabalhadores da sa\u00fade; povos ind\u00edgenas; idosos; professores de escolas p\u00fablicas e privadas; pessoas com comorbidades e outras condi\u00e7\u00f5es cl\u00ednicas especiais; adolescentes e jovens de 12 a 21 anos sob medidas socioeducativas; funcion\u00e1rios do sistema prisional e pessoas privadas de liberdade.<\/p>\n<p>Profissionais das for\u00e7as de seguran\u00e7a e salvamento tamb\u00e9m passaram a fazer parte do p\u00fablico-alvo da campanha neste ano. Por meio de nota, o minist\u00e9rio informou que\u00a0o grupo inclui policiais civis, militares, bombeiros e membros ativos das For\u00e7as Armadas, totalizando cerca de 900 mil pessoas.<\/p>\n<h2>Cobertura<\/h2>\n<p>De acordo com o Minist\u00e9rio da Sa\u00fade, at\u00e9 o dia 30 de abril, 12,2 milh\u00f5es de pessoas haviam sido imunizadas. O n\u00famero representa 21% do total de grupos que devem receber a dose. O p\u00fablico com maior cobertura, at\u00e9 o momento, \u00e9 o de pu\u00e9rperas, com 38,8%, seguido pelas gestantes (33,4%); ind\u00edgenas (27,6%); crian\u00e7as (26,4%); idosos (21,5%); trabalhadores de sa\u00fade (17,1%) e professores (14,2%).<\/p>\n<p>&nbsp;<\/p>\n<p>Fonte: Ag\u00eancia Brasil<\/p>\n","protected":false},"excerpt":{"rendered":"<p>O Dia D de mobiliza\u00e7\u00e3o contra a gripe ocorre neste s\u00e1bado, 4,em todo o pa\u00eds. A previs\u00e3o, de acordo com o Minist\u00e9rio da Sa\u00fade, \u00e9 que mais de 41 mil postos de sa\u00fade permane\u00e7am abertos em todos os estados ao longo do dia. A Campanha Nacional de Vacina\u00e7\u00e3o contra a Influenza come\u00e7ou no \u00faltimo dia [&hellip;]<\/p>\n","protected":false},"author":96,"featured_media":139465,"comment_status":"closed","ping_status":"closed","sticky":false,"template":"","format":"standard","meta":{"footnotes":""},"categories":[302,436,262,439],"tags":[],"class_list":["post-139463","post","type-post","status-publish","format-standard","has-post-thumbnail","hentry","category-brasil-mundo","category-destaque-da-semana","category-noticias","category-ultima-hora"],"_links":{"self":[{"href":"https:\/\/diarioregionaldigital.com.br\/index.php?rest_route=\/wp\/v2\/posts\/139463","targetHints":{"allow":["GET"]}}],"collection":[{"href":"https:\/\/diarioregionaldigital.com.br\/index.php?rest_route=\/wp\/v2\/posts"}],"about":[{"href":"https:\/\/diarioregionaldigital.com.br\/index.php?rest_route=\/wp\/v2\/types\/post"}],"author":[{"embeddable":true,"href":"https:\/\/diarioregionaldigital.com.br\/index.php?rest_route=\/wp\/v2\/users\/96"}],"replies":[{"embeddable":true,"href":"https:\/\/diarioregionaldigital.com.br\/index.php?rest_route=%2Fwp%2Fv2%2Fcomments&post=139463"}],"version-history":[{"count":0,"href":"https:\/\/diarioregionaldigital.com.br\/index.php?rest_route=\/wp\/v2\/posts\/139463\/revisions"}],"wp:featuredmedia":[{"embeddable":true,"href":"https:\/\/diarioregionaldigital.com.br\/index.php?rest_route=\/wp\/v2\/media\/139465"}],"wp:attachment":[{"href":"https:\/\/diarioregionaldigital.com.br\/index.php?rest_route=%2Fwp%2Fv2%2Fmedia&parent=139463"}],"wp:term":[{"taxonomy":"category","embeddable":true,"href":"https:\/\/diarioregionaldigital.com.br\/index.php?rest_route=%2Fwp%2Fv2%2Fcategories&post=139463"},{"taxonomy":"post_tag","embeddable":true,"href":"https:\/\/diarioregionaldigital.com.br\/index.php?rest_route=%2Fwp%2Fv2%2Ftags&post=139463"}],"curies":[{"name":"wp","href":"https:\/\/api.w.org\/{rel}","templated":true}]}}