{"id":139448,"date":"2019-05-03T14:57:19","date_gmt":"2019-05-03T17:57:19","guid":{"rendered":"https:\/\/diarioregionaldigital.com.br\/?p=139448"},"modified":"2019-05-03T14:57:19","modified_gmt":"2019-05-03T17:57:19","slug":"producao-industrial-brasileira-cai-13-de-fevereiro-para-marco","status":"publish","type":"post","link":"https:\/\/diarioregionaldigital.com.br\/?p=139448","title":{"rendered":"Produ\u00e7\u00e3o industrial brasileira cai 1,3% de fevereiro para mar\u00e7o"},"content":{"rendered":"<p>A produ\u00e7\u00e3o industrial brasileira recuou 1,3% na passagem de fevereiro para mar\u00e7o, segundo dados da Pesquisa Industrial Mensal divulgados nesta sexta-feira, 3, no Rio de Janeiro, pelo Instituto Brasileiro de Geografia e Estat\u00edstica (IBGE). No m\u00eas anterior, a ind\u00fastria havia crescido 0,6%.<\/p>\n<p>Foram registradas quedas em todos os tipos de compara\u00e7\u00e3o temporal: em rela\u00e7\u00e3o a mar\u00e7o do ano passado (-6,1%), m\u00e9dia m\u00f3vel trimestral (-0,5%), acumulado do ano (-2,2%) e acumulado de 12 meses (-0,1%).<\/p>\n<p>Dezesseis das 26 atividades industriais pesquisadas tiveram queda na produ\u00e7\u00e3o na passagem de fevereiro para mar\u00e7o, com destaque para os alimentos, que recuaram 4,9%.<\/p>\n<p>Outros setores que influenciaram a queda de 1,3% da ind\u00fastria em mar\u00e7o, na compara\u00e7\u00e3o com fevereiro, foram automotores, reboques e carrocerias (-3,2%), coque, produtos derivados do petr\u00f3leo e biocombust\u00edveis (-2,7%), ind\u00fastrias extrativas (-1,7%) e outros produtos qu\u00edmicos (-3,3%).<\/p>\n<p>Nove segmentos tiveram alta na produ\u00e7\u00e3o e evitaram uma queda maior da ind\u00fastria no per\u00edodo, com destaque para produtos farmoqu\u00edmicos (4,6%).<\/p>\n<p>Entre as quatro grandes categorias econ\u00f4micas, apenas os bens de capital, isto \u00e9, as m\u00e1quinas e equipamentos usados no setor produtivo, tiveram alta (0,4%). A maior queda foi observada nos bens intermedi\u00e1rios, isto \u00e9, os insumos industrializados usados no setor produtivo (-1,5%).<\/p>\n<p>Entre os bens de consumo, houve queda de 1,3% nos bens dur\u00e1veis e de 1,1% nos bens semi e n\u00e3o dur\u00e1veis.<\/p>\n<p>&nbsp;<\/p>\n<p>Fonte: Ag\u00eancia Brasil<\/p>\n","protected":false},"excerpt":{"rendered":"<p>A produ\u00e7\u00e3o industrial brasileira recuou 1,3% na passagem de fevereiro para mar\u00e7o, segundo dados da Pesquisa Industrial Mensal divulgados nesta sexta-feira, 3, no Rio de Janeiro, pelo Instituto Brasileiro de Geografia e Estat\u00edstica (IBGE). No m\u00eas anterior, a ind\u00fastria havia crescido 0,6%. Foram registradas quedas em todos os tipos de compara\u00e7\u00e3o temporal: em rela\u00e7\u00e3o a [&hellip;]<\/p>\n","protected":false},"author":96,"featured_media":139450,"comment_status":"closed","ping_status":"closed","sticky":false,"template":"","format":"standard","meta":{"footnotes":""},"categories":[436,261,262,439],"tags":[],"class_list":["post-139448","post","type-post","status-publish","format-standard","has-post-thumbnail","hentry","category-destaque-da-semana","category-economia","category-noticias","category-ultima-hora"],"_links":{"self":[{"href":"https:\/\/diarioregionaldigital.com.br\/index.php?rest_route=\/wp\/v2\/posts\/139448","targetHints":{"allow":["GET"]}}],"collection":[{"href":"https:\/\/diarioregionaldigital.com.br\/index.php?rest_route=\/wp\/v2\/posts"}],"about":[{"href":"https:\/\/diarioregionaldigital.com.br\/index.php?rest_route=\/wp\/v2\/types\/post"}],"author":[{"embeddable":true,"href":"https:\/\/diarioregionaldigital.com.br\/index.php?rest_route=\/wp\/v2\/users\/96"}],"replies":[{"embeddable":true,"href":"https:\/\/diarioregionaldigital.com.br\/index.php?rest_route=%2Fwp%2Fv2%2Fcomments&post=139448"}],"version-history":[{"count":0,"href":"https:\/\/diarioregionaldigital.com.br\/index.php?rest_route=\/wp\/v2\/posts\/139448\/revisions"}],"wp:featuredmedia":[{"embeddable":true,"href":"https:\/\/diarioregionaldigital.com.br\/index.php?rest_route=\/wp\/v2\/media\/139450"}],"wp:attachment":[{"href":"https:\/\/diarioregionaldigital.com.br\/index.php?rest_route=%2Fwp%2Fv2%2Fmedia&parent=139448"}],"wp:term":[{"taxonomy":"category","embeddable":true,"href":"https:\/\/diarioregionaldigital.com.br\/index.php?rest_route=%2Fwp%2Fv2%2Fcategories&post=139448"},{"taxonomy":"post_tag","embeddable":true,"href":"https:\/\/diarioregionaldigital.com.br\/index.php?rest_route=%2Fwp%2Fv2%2Ftags&post=139448"}],"curies":[{"name":"wp","href":"https:\/\/api.w.org\/{rel}","templated":true}]}}