{"id":139444,"date":"2019-05-03T14:49:33","date_gmt":"2019-05-03T17:49:33","guid":{"rendered":"https:\/\/diarioregionaldigital.com.br\/?p=139444"},"modified":"2019-05-03T14:49:33","modified_gmt":"2019-05-03T17:49:33","slug":"ipc-s-avanca-em-tres-capitais-de-marco-para-abril","status":"publish","type":"post","link":"https:\/\/diarioregionaldigital.com.br\/?p=139444","title":{"rendered":"IPC-S avan\u00e7a em tr\u00eas capitais de mar\u00e7o para abril"},"content":{"rendered":"<p>A infla\u00e7\u00e3o medida pelo \u00cdndice de Pre\u00e7os ao Consumidor Semanal (IPC-S) avan\u00e7ou em tr\u00eas das sete capitais pesquisadas pela Funda\u00e7\u00e3o Getulio Vargas (FGV), na passagem de mar\u00e7o para abril. Os dados foram divulgados nesta sexta-feira, 3. A maior alta foi observada em Salvador (0,44 ponto percentual), ao passar de 0,64% para 1,08%.<\/p>\n<p>Tamb\u00e9m tiveram alta na taxa de infla\u00e7\u00e3o as cidades de Bras\u00edlia (0,23 ponto percentual, ao passar de 0,47% para 0,7%) e Belo Horizonte (0,08 ponto percentual, ao passar de 0,18% para 0,26%).<\/p>\n<p>Em Porto Alegre, a infla\u00e7\u00e3o manteve-se em 0,89% nos dois meses. Tr\u00eas capitais tiveram queda na taxa: Rio<span id=\"OBJ_PREFIX_DWT761_com_zimbra_date\" role=\"link\">\u00a0de Janeiro<\/span>\u00a0(-0,26 ponto percentual, ao passar de 0,83% para 0,57%), S\u00e3o Paulo (-0,14 ponto percentual, ao passar de 0,56% para 0,42%) e Recife (-0,07 ponto percentual, ao passar de 0,71% para 0,64%).<\/p>\n<p>A m\u00e9dia nacional do IPC-S, divulgada nesta quinta-feira, 2, caiu de 0,65% em mar\u00e7o para 0,63% em abril.<\/p>\n<p>&nbsp;<\/p>\n<p>Fonte: Ag\u00eancia Brasil<\/p>\n","protected":false},"excerpt":{"rendered":"<p>A infla\u00e7\u00e3o medida pelo \u00cdndice de Pre\u00e7os ao Consumidor Semanal (IPC-S) avan\u00e7ou em tr\u00eas das sete capitais pesquisadas pela Funda\u00e7\u00e3o Getulio Vargas (FGV), na passagem de mar\u00e7o para abril. Os dados foram divulgados nesta sexta-feira, 3. A maior alta foi observada em Salvador (0,44 ponto percentual), ao passar de 0,64% para 1,08%. Tamb\u00e9m tiveram alta [&hellip;]<\/p>\n","protected":false},"author":96,"featured_media":139446,"comment_status":"closed","ping_status":"closed","sticky":false,"template":"","format":"standard","meta":{"footnotes":""},"categories":[436,261,262,439],"tags":[],"class_list":["post-139444","post","type-post","status-publish","format-standard","has-post-thumbnail","hentry","category-destaque-da-semana","category-economia","category-noticias","category-ultima-hora"],"_links":{"self":[{"href":"https:\/\/diarioregionaldigital.com.br\/index.php?rest_route=\/wp\/v2\/posts\/139444","targetHints":{"allow":["GET"]}}],"collection":[{"href":"https:\/\/diarioregionaldigital.com.br\/index.php?rest_route=\/wp\/v2\/posts"}],"about":[{"href":"https:\/\/diarioregionaldigital.com.br\/index.php?rest_route=\/wp\/v2\/types\/post"}],"author":[{"embeddable":true,"href":"https:\/\/diarioregionaldigital.com.br\/index.php?rest_route=\/wp\/v2\/users\/96"}],"replies":[{"embeddable":true,"href":"https:\/\/diarioregionaldigital.com.br\/index.php?rest_route=%2Fwp%2Fv2%2Fcomments&post=139444"}],"version-history":[{"count":0,"href":"https:\/\/diarioregionaldigital.com.br\/index.php?rest_route=\/wp\/v2\/posts\/139444\/revisions"}],"wp:featuredmedia":[{"embeddable":true,"href":"https:\/\/diarioregionaldigital.com.br\/index.php?rest_route=\/wp\/v2\/media\/139446"}],"wp:attachment":[{"href":"https:\/\/diarioregionaldigital.com.br\/index.php?rest_route=%2Fwp%2Fv2%2Fmedia&parent=139444"}],"wp:term":[{"taxonomy":"category","embeddable":true,"href":"https:\/\/diarioregionaldigital.com.br\/index.php?rest_route=%2Fwp%2Fv2%2Fcategories&post=139444"},{"taxonomy":"post_tag","embeddable":true,"href":"https:\/\/diarioregionaldigital.com.br\/index.php?rest_route=%2Fwp%2Fv2%2Ftags&post=139444"}],"curies":[{"name":"wp","href":"https:\/\/api.w.org\/{rel}","templated":true}]}}