{"id":139441,"date":"2019-05-03T14:41:56","date_gmt":"2019-05-03T17:41:56","guid":{"rendered":"https:\/\/diarioregionaldigital.com.br\/?p=139441"},"modified":"2019-05-03T14:41:56","modified_gmt":"2019-05-03T17:41:56","slug":"facebook-bane-extremistas-de-suas-redes-sociais","status":"publish","type":"post","link":"https:\/\/diarioregionaldigital.com.br\/?p=139441","title":{"rendered":"Facebook bane extremistas de suas redes sociais"},"content":{"rendered":"<p>Numa tentativa de reduzir o conte\u00fado extremista em suas plataformas, o\u00a0<em>Facebook<\/em>\u00a0baniu v\u00e1rios extremistas americanos, conhecidos por seus discursos de \u00f3dio, e alegou que eles violaram sua proibi\u00e7\u00e3o de &#8220;indiv\u00edduos perigosos&#8221;.<\/p>\n<p>Entre os banidos est\u00e3o Alex Jones, radialista americano de extrema direita e te\u00f3rico da conspira\u00e7\u00e3o, Louis Farrakhan, l\u00edder do grupo Na\u00e7\u00e3o do Isl\u00e3, que \u00e9 acusado de antissemitismo, e Milo Yiannopoulos, comentarista pol\u00edtico brit\u00e2nico e ex-editor do site de extrema direita americano\u00a0<em>Breitbart News<\/em>.<\/p>\n<p>Tamb\u00e9m foram punidos Paul Nehlen, que concorreu como &#8220;candidato crist\u00e3o branco&#8221; na elei\u00e7\u00e3o de 2018 para o Congresso dos Estados Unidos, Paul Joseph Watson, radialista brit\u00e2nico e te\u00f3rico da conspira\u00e7\u00e3o, e Laura Loomer, ativista pol\u00edtica que trabalhou como rep\u00f3rter da p\u00e1gina canadense de extrema direita Rebel Media.<\/p>\n<p>O banimento se aplica tanto \u00e0 rede social Facebook quanto ao Instagram. As p\u00e1ginas de f\u00e3s (fanpages) e outras contas relacionadas tamb\u00e9m foram enquadradas na proibi\u00e7\u00e3o, afirmou nesta quinta-feira, 2, o Facebook.<\/p>\n<h2>Proibi\u00e7\u00e3o<\/h2>\n<p>A medida faz parte de um esfor\u00e7o conjunto do gigante das redes sociais para remover indiv\u00edduos, grupos e conte\u00fados extremistas de sua plataforma. No m\u00eas passado, o\u00a0<em>Facebook<\/em>\u00a0baniu v\u00e1rios grupos brit\u00e2nicos de extrema direita \u2013 incluindo a Liga de Defesa Inglesa e o Partido Nacional Brit\u00e2nico \u2013 e instituiu uma proibi\u00e7\u00e3o ao conte\u00fado nacionalista branco.<\/p>\n<p>&#8220;Indiv\u00edduos e organiza\u00e7\u00f5es que disseminam \u00f3dio, ou atacam ou pedem a exclus\u00e3o de outro com base no que eles s\u00e3o n\u00e3o t\u00eam lugar no\u00a0<em>Facebook<\/em>&#8220;, afirmou a empresa.<\/p>\n<p>Cr\u00edticos elogiaram a decis\u00e3o, mas disseram que mais precisa ser feito.<\/p>\n<p>&#8220;Sabemos que continuam existindo\u00a0 outras figuras extremistas que ativamente usam ambas as plataformas para disseminar seu \u00f3dio e preconceito&#8221;, disse Keegan Hankes, analista da\u00a0<em>Southern Poverty Law Center<\/em>, uma organiza\u00e7\u00e3o que monitora grupos de \u00f3dio nos Estados Unidos.<\/p>\n<p>O\u00a0<em>Facebook\u00a0<\/em>insistiu que sempre baniu contas e p\u00e1ginas que proclamam uma miss\u00e3o violenta ou odiosa ou est\u00e3o envolvidas em atos de \u00f3dio ou viol\u00eancia, independentemente da ideologia pol\u00edtica.<\/p>\n<p>&nbsp;<\/p>\n<p>Fonte: Ag\u00eancia Brasil<\/p>\n","protected":false},"excerpt":{"rendered":"<p>Numa tentativa de reduzir o conte\u00fado extremista em suas plataformas, o\u00a0Facebook\u00a0baniu v\u00e1rios extremistas americanos, conhecidos por seus discursos de \u00f3dio, e alegou que eles violaram sua proibi\u00e7\u00e3o de &#8220;indiv\u00edduos perigosos&#8221;. Entre os banidos est\u00e3o Alex Jones, radialista americano de extrema direita e te\u00f3rico da conspira\u00e7\u00e3o, Louis Farrakhan, l\u00edder do grupo Na\u00e7\u00e3o do Isl\u00e3, que \u00e9 [&hellip;]<\/p>\n","protected":false},"author":96,"featured_media":139442,"comment_status":"closed","ping_status":"closed","sticky":false,"template":"","format":"standard","meta":{"footnotes":""},"categories":[302,436,262,439],"tags":[],"class_list":["post-139441","post","type-post","status-publish","format-standard","has-post-thumbnail","hentry","category-brasil-mundo","category-destaque-da-semana","category-noticias","category-ultima-hora"],"_links":{"self":[{"href":"https:\/\/diarioregionaldigital.com.br\/index.php?rest_route=\/wp\/v2\/posts\/139441","targetHints":{"allow":["GET"]}}],"collection":[{"href":"https:\/\/diarioregionaldigital.com.br\/index.php?rest_route=\/wp\/v2\/posts"}],"about":[{"href":"https:\/\/diarioregionaldigital.com.br\/index.php?rest_route=\/wp\/v2\/types\/post"}],"author":[{"embeddable":true,"href":"https:\/\/diarioregionaldigital.com.br\/index.php?rest_route=\/wp\/v2\/users\/96"}],"replies":[{"embeddable":true,"href":"https:\/\/diarioregionaldigital.com.br\/index.php?rest_route=%2Fwp%2Fv2%2Fcomments&post=139441"}],"version-history":[{"count":0,"href":"https:\/\/diarioregionaldigital.com.br\/index.php?rest_route=\/wp\/v2\/posts\/139441\/revisions"}],"wp:featuredmedia":[{"embeddable":true,"href":"https:\/\/diarioregionaldigital.com.br\/index.php?rest_route=\/wp\/v2\/media\/139442"}],"wp:attachment":[{"href":"https:\/\/diarioregionaldigital.com.br\/index.php?rest_route=%2Fwp%2Fv2%2Fmedia&parent=139441"}],"wp:term":[{"taxonomy":"category","embeddable":true,"href":"https:\/\/diarioregionaldigital.com.br\/index.php?rest_route=%2Fwp%2Fv2%2Fcategories&post=139441"},{"taxonomy":"post_tag","embeddable":true,"href":"https:\/\/diarioregionaldigital.com.br\/index.php?rest_route=%2Fwp%2Fv2%2Ftags&post=139441"}],"curies":[{"name":"wp","href":"https:\/\/api.w.org\/{rel}","templated":true}]}}