{"id":139433,"date":"2019-05-03T14:30:57","date_gmt":"2019-05-03T17:30:57","guid":{"rendered":"https:\/\/diarioregionaldigital.com.br\/?p=139433"},"modified":"2019-05-03T14:30:57","modified_gmt":"2019-05-03T17:30:57","slug":"bolsonaro-dinheiro-retirado-de-universidades-sera-investido-na-base","status":"publish","type":"post","link":"https:\/\/diarioregionaldigital.com.br\/?p=139433","title":{"rendered":"Bolsonaro: dinheiro retirado de universidades ser\u00e1 investido na base"},"content":{"rendered":"<p>O presidente Jair Bolsonaro disse hoje nessa quinta-feira, 2,que o dinheiro retirado das universidades federais ser\u00e1 investido na educa\u00e7\u00e3o b\u00e1sica. Ele disse que a educa\u00e7\u00e3o no Brasil \u00e9 como uma casa com um \u201cexcelente telhado e paredes podres\u201d. Na \u00faltima ter\u00e7a-feira (30), o Minist\u00e9rio da Educa\u00e7\u00e3o (MEC) anunciou um corte de 30% do or\u00e7amento das universidades federais.<\/p>\n<p>\u201cA gente n\u00e3o vai cortar recurso por cortar. A ideia \u00e9 investir na educa\u00e7\u00e3o b\u00e1sica. Ouso dizer at\u00e9 que um n\u00famero consider\u00e1vel n\u00e3o sabe sequer a tabuada. Sete vezes oito? N\u00e3o vai sabe responder. Ent\u00e3o pretendemos investir na base. N\u00e3o adianta ter um excelente telhado na casa se as paredes est\u00e3o podres. \u00c9 o que acontece atualmente\u201d, disse Bolsonaro em entrevista ao SBT.<\/p>\n<p>A informa\u00e7\u00e3o do corte or\u00e7ament\u00e1rio foi dada \u00e0 TV Globo pelo Secret\u00e1rio de Educa\u00e7\u00e3o Superior do MEC, Arnaldo Barbosa de Lima J\u00fanior. O corte, inicialmente, seria restrito a tr\u00eas universidades, Universidade de Bras\u00edlia (UnB), Universidade Federal Fluminense (UFF) e Universidade Federal da Bahia (UFBA). Em seguida, foi ampliado a todas as institui\u00e7\u00f5es federais do pa\u00eds.<\/p>\n<p>A informa\u00e7\u00e3o sobre o corte na verba das universidades federais surge ao mesmo tempo em que abre o per\u00edodo para as institui\u00e7\u00f5es p\u00fablicas de ensino superior\u00a0aderirem ao Sistema de Sele\u00e7\u00e3o Unificada (Sisu)\u00a0. O Sisu \u00e9 um sistema informatizado do Minist\u00e9rio da Educa\u00e7\u00e3o pelo qual institui\u00e7\u00f5es p\u00fablicas de ensino superior oferecem vagas a candidatos participantes do Exame Nacional do Ensino M\u00e9dio (Enem).<\/p>\n<p>&nbsp;<\/p>\n<p>Fonte: Ag\u00eancia Brasil<\/p>\n","protected":false},"excerpt":{"rendered":"<p>O presidente Jair Bolsonaro disse hoje nessa quinta-feira, 2,que o dinheiro retirado das universidades federais ser\u00e1 investido na educa\u00e7\u00e3o b\u00e1sica. Ele disse que a educa\u00e7\u00e3o no Brasil \u00e9 como uma casa com um \u201cexcelente telhado e paredes podres\u201d. Na \u00faltima ter\u00e7a-feira (30), o Minist\u00e9rio da Educa\u00e7\u00e3o (MEC) anunciou um corte de 30% do or\u00e7amento das [&hellip;]<\/p>\n","protected":false},"author":96,"featured_media":139435,"comment_status":"closed","ping_status":"closed","sticky":false,"template":"","format":"standard","meta":{"footnotes":""},"categories":[436,262,254,439],"tags":[],"class_list":["post-139433","post","type-post","status-publish","format-standard","has-post-thumbnail","hentry","category-destaque-da-semana","category-noticias","category-politica","category-ultima-hora"],"_links":{"self":[{"href":"https:\/\/diarioregionaldigital.com.br\/index.php?rest_route=\/wp\/v2\/posts\/139433","targetHints":{"allow":["GET"]}}],"collection":[{"href":"https:\/\/diarioregionaldigital.com.br\/index.php?rest_route=\/wp\/v2\/posts"}],"about":[{"href":"https:\/\/diarioregionaldigital.com.br\/index.php?rest_route=\/wp\/v2\/types\/post"}],"author":[{"embeddable":true,"href":"https:\/\/diarioregionaldigital.com.br\/index.php?rest_route=\/wp\/v2\/users\/96"}],"replies":[{"embeddable":true,"href":"https:\/\/diarioregionaldigital.com.br\/index.php?rest_route=%2Fwp%2Fv2%2Fcomments&post=139433"}],"version-history":[{"count":0,"href":"https:\/\/diarioregionaldigital.com.br\/index.php?rest_route=\/wp\/v2\/posts\/139433\/revisions"}],"wp:featuredmedia":[{"embeddable":true,"href":"https:\/\/diarioregionaldigital.com.br\/index.php?rest_route=\/wp\/v2\/media\/139435"}],"wp:attachment":[{"href":"https:\/\/diarioregionaldigital.com.br\/index.php?rest_route=%2Fwp%2Fv2%2Fmedia&parent=139433"}],"wp:term":[{"taxonomy":"category","embeddable":true,"href":"https:\/\/diarioregionaldigital.com.br\/index.php?rest_route=%2Fwp%2Fv2%2Fcategories&post=139433"},{"taxonomy":"post_tag","embeddable":true,"href":"https:\/\/diarioregionaldigital.com.br\/index.php?rest_route=%2Fwp%2Fv2%2Ftags&post=139433"}],"curies":[{"name":"wp","href":"https:\/\/api.w.org\/{rel}","templated":true}]}}