{"id":139429,"date":"2019-05-03T14:11:58","date_gmt":"2019-05-03T17:11:58","guid":{"rendered":"https:\/\/diarioregionaldigital.com.br\/?p=139429"},"modified":"2019-05-03T14:11:58","modified_gmt":"2019-05-03T17:11:58","slug":"secretario-de-estado-de-meio-ambiente-visita-jardim-botanico-para-tratar-do-caso-da-onca-pintada","status":"publish","type":"post","link":"https:\/\/diarioregionaldigital.com.br\/?p=139429","title":{"rendered":"Secret\u00e1rio de Estado de Meio Ambiente visita Jardim Bot\u00e2nico para tratar do caso da on\u00e7a-pintada"},"content":{"rendered":"<p>Na tarde dessa quinta-feira, 2, foi realizada uma reuni\u00e3o no Jardim Bot\u00e2nico da Universidade Federal de Juiz de Fora (UFJF) com autoridades, representantes da UFJF e de \u00f3rg\u00e3os ambientais para tratar do caso da on\u00e7a-pintada.<\/p>\n<p>Na ocasi\u00e3o, o reitor da UFJF, Marcus David, recebeu o secret\u00e1rio estadual de Meio Ambiente e Desenvolvimento Sustent\u00e1vel de Minas Gerais, Germano Vieira, o deputado estadual Noraldino J\u00fanior (PSC) e o diretor-geral do Instituto Estadual de Florestas (IEF), Ant\u00f4nio Malard. Tamb\u00e9m estava entre os participantes da reuni\u00e3o o secret\u00e1rio de Meio Ambiente e Ordenamento Urbano da Prefeitura de Juiz de Fora (PJF), Lu\u00eds Cl\u00e1udio Santos Pinto. A pasta tamb\u00e9m faz parte do comit\u00ea interinstitucional.<\/p>\n<p>Durante o encontro, o secret\u00e1rio estadual declarou apoio \u00e0s atividades desenvolvidas em prol da salvaguarda da on\u00e7a-pintada e de prote\u00e7\u00e3o de moradores. Segundo ele, os \u00f3rg\u00e3os estaduais de meio ambiente est\u00e3o \u00e0 disposi\u00e7\u00e3o para a obten\u00e7\u00e3o de \u00eaxito no desenvolvimento dos trabalhos. Vinculado \u00e0 Secretaria, o IEF integra a comiss\u00e3o local que re\u00fane sete institui\u00e7\u00f5es municipais, estaduais e federais na opera\u00e7\u00e3o.<\/p>\n<p><a href=\"https:\/\/diarioregionaldigital.com.br\/2019\/05\/02\/ufjf-anuncia-decisao-de-retirar-onca-pintada-do-jardim-botanico\/\">Na quinta-feira, 2, foi anunciado que a on\u00e7a-pintada encontrada no Jardim Bot\u00e2nico ser\u00e1 capturada e transportada para uma \u00e1rea segura e adequada \u00e0 esp\u00e9cie.<\/a><\/p>\n","protected":false},"excerpt":{"rendered":"<p>Na tarde dessa quinta-feira, 2, foi realizada uma reuni\u00e3o no Jardim Bot\u00e2nico da Universidade Federal de Juiz de Fora (UFJF) com autoridades, representantes da UFJF e de \u00f3rg\u00e3os ambientais para tratar do caso da on\u00e7a-pintada. Na ocasi\u00e3o, o reitor da UFJF, Marcus David, recebeu o secret\u00e1rio estadual de Meio Ambiente e Desenvolvimento Sustent\u00e1vel de Minas [&hellip;]<\/p>\n","protected":false},"author":96,"featured_media":139430,"comment_status":"closed","ping_status":"closed","sticky":false,"template":"","format":"standard","meta":{"footnotes":""},"categories":[253,436,440,439],"tags":[],"class_list":["post-139429","post","type-post","status-publish","format-standard","has-post-thumbnail","hentry","category-cidade","category-destaque-da-semana","category-destaques-do-dia","category-ultima-hora"],"_links":{"self":[{"href":"https:\/\/diarioregionaldigital.com.br\/index.php?rest_route=\/wp\/v2\/posts\/139429","targetHints":{"allow":["GET"]}}],"collection":[{"href":"https:\/\/diarioregionaldigital.com.br\/index.php?rest_route=\/wp\/v2\/posts"}],"about":[{"href":"https:\/\/diarioregionaldigital.com.br\/index.php?rest_route=\/wp\/v2\/types\/post"}],"author":[{"embeddable":true,"href":"https:\/\/diarioregionaldigital.com.br\/index.php?rest_route=\/wp\/v2\/users\/96"}],"replies":[{"embeddable":true,"href":"https:\/\/diarioregionaldigital.com.br\/index.php?rest_route=%2Fwp%2Fv2%2Fcomments&post=139429"}],"version-history":[{"count":0,"href":"https:\/\/diarioregionaldigital.com.br\/index.php?rest_route=\/wp\/v2\/posts\/139429\/revisions"}],"wp:featuredmedia":[{"embeddable":true,"href":"https:\/\/diarioregionaldigital.com.br\/index.php?rest_route=\/wp\/v2\/media\/139430"}],"wp:attachment":[{"href":"https:\/\/diarioregionaldigital.com.br\/index.php?rest_route=%2Fwp%2Fv2%2Fmedia&parent=139429"}],"wp:term":[{"taxonomy":"category","embeddable":true,"href":"https:\/\/diarioregionaldigital.com.br\/index.php?rest_route=%2Fwp%2Fv2%2Fcategories&post=139429"},{"taxonomy":"post_tag","embeddable":true,"href":"https:\/\/diarioregionaldigital.com.br\/index.php?rest_route=%2Fwp%2Fv2%2Ftags&post=139429"}],"curies":[{"name":"wp","href":"https:\/\/api.w.org\/{rel}","templated":true}]}}