{"id":139416,"date":"2019-05-05T06:00:29","date_gmt":"2019-05-05T09:00:29","guid":{"rendered":"https:\/\/diarioregionaldigital.com.br\/?p=139416"},"modified":"2019-05-02T21:15:53","modified_gmt":"2019-05-03T00:15:53","slug":"chique-demais","status":"publish","type":"post","link":"https:\/\/diarioregionaldigital.com.br\/?p=139416","title":{"rendered":"Chique Demais"},"content":{"rendered":"<p style=\"text-align: center;\"><strong>Chique Demais<\/strong><\/p>\n<p style=\"text-align: center;\">O Clube do Filet recebeu um p\u00fablico requintado para celebrar a vida em jantar harmonizado com o tema \u201cMeu Brasil Brasileiro\u201d. Para deleite dos comensais, imperou os finos vinhos e espumantes da Casa Valduga.<\/p>\n<p style=\"text-align: center;\"><strong>Bi-Bi-Fon-Fon<\/strong><\/p>\n<p style=\"text-align: center;\">A m\u00e9dica cardiologista do ex\u00e9rcito Maria Helena Dias de Macedo assumiu a presid\u00eancia do Clube C\u00edrculo Militar de Juiz de Fora e est\u00e1 brilhando. Ela renasceu o clube promovendo festas, bailes e eventos filantr\u00f3picos. Na atualidade, o diretor de eventos Luiz Fernando Bastos promoveu uma carreata, em parceria com o Clube de Autom\u00f3veis Antigo, presidido por Jos\u00e9 Maria Ferreira. Na pauta, promover o tradicional Baile das Debutantes.<\/p>\n<p style=\"text-align: center;\"><strong>Emerg\u00eancia<\/strong><\/p>\n<p style=\"text-align: center;\">Ap\u00f3s Minas Gerais chegar \u00e0 marca de mais de 141 mil casos de dengue, o governo admitiu epidemia. A situa\u00e7\u00e3o de emerg\u00eancia decretada, finalmente, pelo governo de Minas n\u00e3o vai garantir recursos suficientes para que os 553 munic\u00edpios afetados pela enfermidade se armem para conter o avan\u00e7o da doen\u00e7a no estado. E agora Jos\u00e9?<\/p>\n<p style=\"text-align: center;\"><strong>Esp\u00edrito Esportivo<\/strong><\/p>\n<p style=\"text-align: center;\">Vai come\u00e7ar a Copa Am\u00e9rica de futebol no Brasil. E com esp\u00edrito esportivo e para estar bem vestido pelos est\u00e1dios, a Lacoste se uniu \u00e0 marca Opening Ceremony e lan\u00e7ou a cole\u00e7\u00e3o que brinca com os c\u00f3digos do sportwear. O famoso crocodilo bordado com uma linha dourada e vest\u00edgios de verde homenageia atrav\u00e9s da camisa p\u00f3lo, o Brasil.<\/p>\n<div id=\"attachment_139405\" style=\"width: 690px\" class=\"wp-caption aligncenter\"><img loading=\"lazy\" decoding=\"async\" aria-describedby=\"caption-attachment-139405\" class=\"wp-image-139405\" src=\"https:\/\/diarioregionaldigital.com.br\/wp-content\/uploads\/2019\/05\/fotoa-1-e1556840413355.jpg\" alt=\"\" width=\"680\" height=\"555\" srcset=\"https:\/\/diarioregionaldigital.com.br\/wp-content\/uploads\/2019\/05\/fotoa-1-e1556840413355.jpg 1168w, https:\/\/diarioregionaldigital.com.br\/wp-content\/uploads\/2019\/05\/fotoa-1-e1556840413355-300x245.jpg 300w, https:\/\/diarioregionaldigital.com.br\/wp-content\/uploads\/2019\/05\/fotoa-1-e1556840413355-768x627.jpg 768w, https:\/\/diarioregionaldigital.com.br\/wp-content\/uploads\/2019\/05\/fotoa-1-e1556840413355-1024x836.jpg 1024w, https:\/\/diarioregionaldigital.com.br\/wp-content\/uploads\/2019\/05\/fotoa-1-e1556840413355-220x180.jpg 220w, https:\/\/diarioregionaldigital.com.br\/wp-content\/uploads\/2019\/05\/fotoa-1-e1556840413355-360x294.jpg 360w\" sizes=\"auto, (max-width: 680px) 100vw, 680px\" \/><p id=\"caption-attachment-139405\" class=\"wp-caption-text\">A deslumbrante modelo Emylaine Werneck \u00e9 a bela deste domingo<\/p><\/div>\n<div id=\"attachment_139406\" style=\"width: 690px\" class=\"wp-caption aligncenter\"><img loading=\"lazy\" decoding=\"async\" aria-describedby=\"caption-attachment-139406\" class=\"wp-image-139406\" src=\"https:\/\/diarioregionaldigital.com.br\/wp-content\/uploads\/2019\/05\/fotob-1.jpg\" alt=\"\" width=\"680\" height=\"451\" srcset=\"https:\/\/diarioregionaldigital.com.br\/wp-content\/uploads\/2019\/05\/fotob-1.jpg 1764w, https:\/\/diarioregionaldigital.com.br\/wp-content\/uploads\/2019\/05\/fotob-1-300x199.jpg 300w, https:\/\/diarioregionaldigital.com.br\/wp-content\/uploads\/2019\/05\/fotob-1-768x509.jpg 768w, https:\/\/diarioregionaldigital.com.br\/wp-content\/uploads\/2019\/05\/fotob-1-1024x679.jpg 1024w, https:\/\/diarioregionaldigital.com.br\/wp-content\/uploads\/2019\/05\/fotob-1-360x239.jpg 360w\" sizes=\"auto, (max-width: 680px) 100vw, 680px\" \/><p id=\"caption-attachment-139406\" class=\"wp-caption-text\">Em sintonia com sua obra, o artista pl\u00e1stico Adauto Venturi<\/p><\/div>\n<div id=\"attachment_139407\" style=\"width: 690px\" class=\"wp-caption aligncenter\"><img loading=\"lazy\" decoding=\"async\" aria-describedby=\"caption-attachment-139407\" class=\"wp-image-139407\" src=\"https:\/\/diarioregionaldigital.com.br\/wp-content\/uploads\/2019\/05\/fotoc-1-e1556840441624.jpg\" alt=\"\" width=\"680\" height=\"544\" srcset=\"https:\/\/diarioregionaldigital.com.br\/wp-content\/uploads\/2019\/05\/fotoc-1-e1556840441624.jpg 1188w, https:\/\/diarioregionaldigital.com.br\/wp-content\/uploads\/2019\/05\/fotoc-1-e1556840441624-300x240.jpg 300w, https:\/\/diarioregionaldigital.com.br\/wp-content\/uploads\/2019\/05\/fotoc-1-e1556840441624-768x614.jpg 768w, https:\/\/diarioregionaldigital.com.br\/wp-content\/uploads\/2019\/05\/fotoc-1-e1556840441624-1024x819.jpg 1024w, https:\/\/diarioregionaldigital.com.br\/wp-content\/uploads\/2019\/05\/fotoc-1-e1556840441624-360x288.jpg 360w\" sizes=\"auto, (max-width: 680px) 100vw, 680px\" \/><p id=\"caption-attachment-139407\" class=\"wp-caption-text\">O alto astral do casal Alice Gon\u00e7alves e Rafael Kilder recebe para ch\u00e1 de beb\u00ea hoje no Aero Planet<\/p><\/div>\n<div id=\"attachment_139408\" style=\"width: 690px\" class=\"wp-caption aligncenter\"><img loading=\"lazy\" decoding=\"async\" aria-describedby=\"caption-attachment-139408\" class=\"wp-image-139408\" src=\"https:\/\/diarioregionaldigital.com.br\/wp-content\/uploads\/2019\/05\/fotod-1-e1556840496914.jpg\" alt=\"\" width=\"680\" height=\"482\" srcset=\"https:\/\/diarioregionaldigital.com.br\/wp-content\/uploads\/2019\/05\/fotod-1-e1556840496914.jpg 1658w, https:\/\/diarioregionaldigital.com.br\/wp-content\/uploads\/2019\/05\/fotod-1-e1556840496914-300x213.jpg 300w, https:\/\/diarioregionaldigital.com.br\/wp-content\/uploads\/2019\/05\/fotod-1-e1556840496914-768x545.jpg 768w, https:\/\/diarioregionaldigital.com.br\/wp-content\/uploads\/2019\/05\/fotod-1-e1556840496914-1024x726.jpg 1024w, https:\/\/diarioregionaldigital.com.br\/wp-content\/uploads\/2019\/05\/fotod-1-e1556840496914-750x530.jpg 750w, https:\/\/diarioregionaldigital.com.br\/wp-content\/uploads\/2019\/05\/fotod-1-e1556840496914-360x255.jpg 360w, https:\/\/diarioregionaldigital.com.br\/wp-content\/uploads\/2019\/05\/fotod-1-e1556840496914-100x70.jpg 100w\" sizes=\"auto, (max-width: 680px) 100vw, 680px\" \/><p id=\"caption-attachment-139408\" class=\"wp-caption-text\">Em S\u00e3o Paulo o encontro do cantor Moacir Franco com o coiffeur Rhuan Fontes<\/p><\/div>\n<div id=\"attachment_139409\" style=\"width: 690px\" class=\"wp-caption aligncenter\"><img loading=\"lazy\" decoding=\"async\" aria-describedby=\"caption-attachment-139409\" class=\"wp-image-139409\" src=\"https:\/\/diarioregionaldigital.com.br\/wp-content\/uploads\/2019\/05\/fotoe-1-e1556840534964.jpg\" alt=\"\" width=\"680\" height=\"507\" srcset=\"https:\/\/diarioregionaldigital.com.br\/wp-content\/uploads\/2019\/05\/fotoe-1-e1556840534964.jpg 940w, https:\/\/diarioregionaldigital.com.br\/wp-content\/uploads\/2019\/05\/fotoe-1-e1556840534964-300x224.jpg 300w, https:\/\/diarioregionaldigital.com.br\/wp-content\/uploads\/2019\/05\/fotoe-1-e1556840534964-768x573.jpg 768w, https:\/\/diarioregionaldigital.com.br\/wp-content\/uploads\/2019\/05\/fotoe-1-e1556840534964-360x268.jpg 360w\" sizes=\"auto, (max-width: 680px) 100vw, 680px\" \/><p id=\"caption-attachment-139409\" class=\"wp-caption-text\">Designers em festa, Rodrigo Bissoli e Sumara Rosa<\/p><\/div>\n<div id=\"attachment_139410\" style=\"width: 690px\" class=\"wp-caption aligncenter\"><img loading=\"lazy\" decoding=\"async\" aria-describedby=\"caption-attachment-139410\" class=\"wp-image-139410\" src=\"https:\/\/diarioregionaldigital.com.br\/wp-content\/uploads\/2019\/05\/fotof-1-e1556840569174.jpg\" alt=\"\" width=\"680\" height=\"489\" srcset=\"https:\/\/diarioregionaldigital.com.br\/wp-content\/uploads\/2019\/05\/fotof-1-e1556840569174.jpg 1180w, https:\/\/diarioregionaldigital.com.br\/wp-content\/uploads\/2019\/05\/fotof-1-e1556840569174-300x216.jpg 300w, https:\/\/diarioregionaldigital.com.br\/wp-content\/uploads\/2019\/05\/fotof-1-e1556840569174-768x553.jpg 768w, https:\/\/diarioregionaldigital.com.br\/wp-content\/uploads\/2019\/05\/fotof-1-e1556840569174-1024x737.jpg 1024w, https:\/\/diarioregionaldigital.com.br\/wp-content\/uploads\/2019\/05\/fotof-1-e1556840569174-360x259.jpg 360w\" sizes=\"auto, (max-width: 680px) 100vw, 680px\" \/><p id=\"caption-attachment-139410\" class=\"wp-caption-text\">Na Barra da Tijuca (RJ), em papo informal, Marc\u00edlio Gomes e Pablo Machado<\/p><\/div>\n<div id=\"attachment_139412\" style=\"width: 690px\" class=\"wp-caption aligncenter\"><img loading=\"lazy\" decoding=\"async\" aria-describedby=\"caption-attachment-139412\" class=\"wp-image-139412\" src=\"https:\/\/diarioregionaldigital.com.br\/wp-content\/uploads\/2019\/05\/fotog-1-e1556840612946.jpg\" alt=\"\" width=\"680\" height=\"580\" srcset=\"https:\/\/diarioregionaldigital.com.br\/wp-content\/uploads\/2019\/05\/fotog-1-e1556840612946.jpg 1169w, https:\/\/diarioregionaldigital.com.br\/wp-content\/uploads\/2019\/05\/fotog-1-e1556840612946-300x256.jpg 300w, https:\/\/diarioregionaldigital.com.br\/wp-content\/uploads\/2019\/05\/fotog-1-e1556840612946-768x655.jpg 768w, https:\/\/diarioregionaldigital.com.br\/wp-content\/uploads\/2019\/05\/fotog-1-e1556840612946-1024x873.jpg 1024w, https:\/\/diarioregionaldigital.com.br\/wp-content\/uploads\/2019\/05\/fotog-1-e1556840612946-360x307.jpg 360w\" sizes=\"auto, (max-width: 680px) 100vw, 680px\" \/><p id=\"caption-attachment-139412\" class=\"wp-caption-text\">Salve os odont\u00f3logos do mil\u00eanio, Maga Bastos e Fl\u00e1vio Macedo<\/p><\/div>\n<div id=\"attachment_139414\" style=\"width: 690px\" class=\"wp-caption aligncenter\"><img loading=\"lazy\" decoding=\"async\" aria-describedby=\"caption-attachment-139414\" class=\"wp-image-139414\" src=\"https:\/\/diarioregionaldigital.com.br\/wp-content\/uploads\/2019\/05\/fotoi.jpg\" alt=\"\" width=\"680\" height=\"420\" srcset=\"https:\/\/diarioregionaldigital.com.br\/wp-content\/uploads\/2019\/05\/fotoi.jpg 1680w, https:\/\/diarioregionaldigital.com.br\/wp-content\/uploads\/2019\/05\/fotoi-300x185.jpg 300w, https:\/\/diarioregionaldigital.com.br\/wp-content\/uploads\/2019\/05\/fotoi-768x475.jpg 768w, https:\/\/diarioregionaldigital.com.br\/wp-content\/uploads\/2019\/05\/fotoi-1024x633.jpg 1024w, https:\/\/diarioregionaldigital.com.br\/wp-content\/uploads\/2019\/05\/fotoi-360x222.jpg 360w\" sizes=\"auto, (max-width: 680px) 100vw, 680px\" \/><p id=\"caption-attachment-139414\" class=\"wp-caption-text\">O ator e diretor Vin\u00edcius Cristov\u00e3o e a turma talentosa em final de mais um curso teatral<\/p><\/div>\n<div id=\"attachment_139413\" style=\"width: 690px\" class=\"wp-caption aligncenter\"><img loading=\"lazy\" decoding=\"async\" aria-describedby=\"caption-attachment-139413\" class=\"wp-image-139413\" src=\"https:\/\/diarioregionaldigital.com.br\/wp-content\/uploads\/2019\/05\/fotoh-1-e1556840646649.jpg\" alt=\"\" width=\"680\" height=\"481\" srcset=\"https:\/\/diarioregionaldigital.com.br\/wp-content\/uploads\/2019\/05\/fotoh-1-e1556840646649.jpg 1577w, https:\/\/diarioregionaldigital.com.br\/wp-content\/uploads\/2019\/05\/fotoh-1-e1556840646649-300x212.jpg 300w, https:\/\/diarioregionaldigital.com.br\/wp-content\/uploads\/2019\/05\/fotoh-1-e1556840646649-768x543.jpg 768w, https:\/\/diarioregionaldigital.com.br\/wp-content\/uploads\/2019\/05\/fotoh-1-e1556840646649-1024x725.jpg 1024w, https:\/\/diarioregionaldigital.com.br\/wp-content\/uploads\/2019\/05\/fotoh-1-e1556840646649-750x530.jpg 750w, https:\/\/diarioregionaldigital.com.br\/wp-content\/uploads\/2019\/05\/fotoh-1-e1556840646649-360x255.jpg 360w, https:\/\/diarioregionaldigital.com.br\/wp-content\/uploads\/2019\/05\/fotoh-1-e1556840646649-100x70.jpg 100w\" sizes=\"auto, (max-width: 680px) 100vw, 680px\" \/><p id=\"caption-attachment-139413\" class=\"wp-caption-text\">No Espa\u00e7o Glass, Cristina Mansur e sua equipe com Francele, L\u00facia, Vivian, Nilza, Nivea e Eloiza<\/p><\/div>\n<p style=\"text-align: center;\"><strong>FOTOSS\u00cdNTESE<\/strong><\/p>\n<p>L\u00facida e carism\u00e1tica, a fil\u00f3sofa Viviane Mos\u00e9 arrasou no VI Semin\u00e1rio Internacional de Educa\u00e7\u00e3o Contempor\u00e2nea realizada em Juiz de Fora. Ela disse: O papel da escola acabou com a internet? N\u00e3o, aumentou. Parab\u00e9ns, pois o papel da escola deve ser de formar singularidades.<\/p>\n<p>Ouvi no elevador: \u201cNossa, n\u00e3o est\u00e1 podendo mais comer batata, nem tomate. O pre\u00e7o t\u00e1 car\u00edssimo O jeito \u00e9 comer ra\u00e7\u00e3o\u201d. Pano r\u00e1pido.<\/p>\n<p>Em boa hora a Universidade Federal de Juiz de Fora (UFJF) anunciou a realiza\u00e7\u00e3o de cinco novos processos seletivos de n\u00edvel superior destinados a contrata\u00e7\u00e3o de professores substitutos.<\/p>\n<p>O Instituto Federal Sudeste de Minas Gerais (IF Sudeste MG) com sede em Juiz de Fora inaugurou escrit\u00f3rio de orienta\u00e7\u00e3o para estudo superior nos EUA. Participaram da solenidade na sede, no bairro Estrela Sul, o prefeito Ant\u00f4nio Almas, Daniel de Oliveira, Charles Okama, Rita Moriconi e Rita Rico.<\/p>\n<p>Para pensar: Carmem L\u00facia suspende a\u00e7\u00e3o e barra \u2018cura gay\u2019. O Conselho Federal de Psicologia e os grupos agradecem.<\/p>\n<p>Brilhando nas piscinas, a equipe Master do Clube Bom Pastor, composta por Maria Helena Leal Castro, Dulce Leal Lessa, Denise Barra, Eliana Ferreira Motta e Paulo Emilio Motta, conquistou nove medalhas na 63\u00ba edi\u00e7\u00e3o do Campeonato Brasileiro de Masters de Nata\u00e7\u00e3o, realizado em Curitiba (PR). Palmas para eles.<\/p>\n<p>A dupla sensa\u00e7\u00e3o Renan &amp;Cristiano lan\u00e7ou nas r\u00e1dios e plataformas digitais a m\u00fasicas \u201cFacim Facim\u201d, de Rick Mendes, Jonny Rodrigues e Camila de Oliveira.<\/p>\n<p>Nas rodas sociais o assunto do momento \u00e9 a Feijoada 2019, super organizado evento do colunista Cesar Romero. Este colunista participou de todas as edi\u00e7\u00f5es e estaremos na Esta\u00e7\u00e3o S\u00e3o Pedro. Ser\u00e1 dia 1\u00ba de junho com cobertura total para o DR-on-line.<\/p>\n<p>Para aliviar: Use todo potencial de suas nuvens. Bom dia.<\/p>\n<p><img loading=\"lazy\" decoding=\"async\" class=\"aligncenter size-full wp-image-139419\" src=\"https:\/\/diarioregionaldigital.com.br\/wp-content\/uploads\/2019\/05\/KETHER_2X15.jpg\" alt=\"\" width=\"2359\" height=\"792\" srcset=\"https:\/\/diarioregionaldigital.com.br\/wp-content\/uploads\/2019\/05\/KETHER_2X15.jpg 2359w, https:\/\/diarioregionaldigital.com.br\/wp-content\/uploads\/2019\/05\/KETHER_2X15-300x101.jpg 300w, https:\/\/diarioregionaldigital.com.br\/wp-content\/uploads\/2019\/05\/KETHER_2X15-768x258.jpg 768w, https:\/\/diarioregionaldigital.com.br\/wp-content\/uploads\/2019\/05\/KETHER_2X15-1024x344.jpg 1024w, https:\/\/diarioregionaldigital.com.br\/wp-content\/uploads\/2019\/05\/KETHER_2X15-360x121.jpg 360w\" sizes=\"auto, (max-width: 2359px) 100vw, 2359px\" \/><\/p>\n","protected":false},"excerpt":{"rendered":"<p>Chique Demais O Clube do Filet recebeu um p\u00fablico requintado para celebrar a vida em jantar harmonizado com o tema \u201cMeu Brasil Brasileiro\u201d. Para deleite dos comensais, imperou os finos vinhos e espumantes da Casa Valduga. Bi-Bi-Fon-Fon A m\u00e9dica cardiologista do ex\u00e9rcito Maria Helena Dias de Macedo assumiu a presid\u00eancia do Clube C\u00edrculo Militar de [&hellip;]<\/p>\n","protected":false},"author":96,"featured_media":0,"comment_status":"closed","ping_status":"closed","sticky":false,"template":"","format":"standard","meta":{"footnotes":""},"categories":[264],"tags":[],"class_list":["post-139416","post","type-post","status-publish","format-standard","hentry","category-eduardo-gomes"],"_links":{"self":[{"href":"https:\/\/diarioregionaldigital.com.br\/index.php?rest_route=\/wp\/v2\/posts\/139416","targetHints":{"allow":["GET"]}}],"collection":[{"href":"https:\/\/diarioregionaldigital.com.br\/index.php?rest_route=\/wp\/v2\/posts"}],"about":[{"href":"https:\/\/diarioregionaldigital.com.br\/index.php?rest_route=\/wp\/v2\/types\/post"}],"author":[{"embeddable":true,"href":"https:\/\/diarioregionaldigital.com.br\/index.php?rest_route=\/wp\/v2\/users\/96"}],"replies":[{"embeddable":true,"href":"https:\/\/diarioregionaldigital.com.br\/index.php?rest_route=%2Fwp%2Fv2%2Fcomments&post=139416"}],"version-history":[{"count":0,"href":"https:\/\/diarioregionaldigital.com.br\/index.php?rest_route=\/wp\/v2\/posts\/139416\/revisions"}],"wp:attachment":[{"href":"https:\/\/diarioregionaldigital.com.br\/index.php?rest_route=%2Fwp%2Fv2%2Fmedia&parent=139416"}],"wp:term":[{"taxonomy":"category","embeddable":true,"href":"https:\/\/diarioregionaldigital.com.br\/index.php?rest_route=%2Fwp%2Fv2%2Fcategories&post=139416"},{"taxonomy":"post_tag","embeddable":true,"href":"https:\/\/diarioregionaldigital.com.br\/index.php?rest_route=%2Fwp%2Fv2%2Ftags&post=139416"}],"curies":[{"name":"wp","href":"https:\/\/api.w.org\/{rel}","templated":true}]}}