{"id":139402,"date":"2019-05-02T20:38:14","date_gmt":"2019-05-02T23:38:14","guid":{"rendered":"https:\/\/diarioregionaldigital.com.br\/?p=139402"},"modified":"2019-05-02T20:38:14","modified_gmt":"2019-05-02T23:38:14","slug":"maio-amarelo-atividades-tem-inicio-nesta-semana","status":"publish","type":"post","link":"https:\/\/diarioregionaldigital.com.br\/?p=139402","title":{"rendered":"\u201cMaio Amarelo\u201d: atividades t\u00eam in\u00edcio nesta semana"},"content":{"rendered":"<p>Maio ganha uma cor especial: a amarela. Para chamar a aten\u00e7\u00e3o sobre a seguran\u00e7a no tr\u00e2nsito, teve in\u00edcio, nesta quinta-feira, 2, as atividades do\u201cMaioAmarelo\u201d. O movimento tem como objetivo colocar em pauta o tema seguran\u00e7a vi\u00e1ria, mobilizando toda a sociedade e abordando a amplitude que a quest\u00e3o do tr\u00e2nsito exige, nas mais diferentes esferas. Para este ano, o tema \u00e9 \u201cNo tr\u00e2nsito, o sentido \u00e9 a vida\u201d, ou seja, essa deve ser a l\u00f3gica a ser seguida por todos, buscando comportamentos seguros. E destaca a boa utiliza\u00e7\u00e3o da vis\u00e3o e audi\u00e7\u00e3o, sentidos humanos que orientam as pessoas no tr\u00e2nsito. Tamb\u00e9m faz alus\u00e3o ao sentido (dire\u00e7\u00e3o) estabelecido pela sinaliza\u00e7\u00e3o.<\/p>\n<p>O tema escolhido prop\u00f5e o envolvimento direto da sociedade nas a\u00e7\u00f5es e uma reflex\u00e3o sobre uma nova forma de encarar a mobilidade. Trata-se de um est\u00edmulo a todos os condutores, seja de caminh\u00f5es, \u00f4nibus, vans, autom\u00f3veis, motocicletas ou bicicletas, e aos pedestres e passageiros, a optarem por um tr\u00e2nsito mais seguro.<\/p>\n<p>A programa\u00e7\u00e3o prevista, que pode ser conferida em anexo, envolve desde palestras a blitze educativas. Para marcar o come\u00e7o do movimento, os \u00f4nibus circular\u00e3o com cartazes alusivos \u00e0 campanha, e tanto o Pa\u00e7o Municipal (onde funciona a Funda\u00e7\u00e3o Cultural \u201cAlfredo Ferreira Lage\u201d &#8211; Funalfa \u2013 e o Espa\u00e7o Cidad\u00e3o) quanto o Morro do Cristo estar\u00e3o iluminados em amarelo. Al\u00e9m disso, um ve\u00edculo do transporte coletivo da empresa Ansal, integrante do Cons\u00f3rcio Via JF, far\u00e1 suas viagens com o layout do \u201cMaio Amarelo\u201d.<\/p>\n<p>Fonte: PJF<\/p>\n","protected":false},"excerpt":{"rendered":"<p>Maio ganha uma cor especial: a amarela. Para chamar a aten\u00e7\u00e3o sobre a seguran\u00e7a no tr\u00e2nsito, teve in\u00edcio, nesta quinta-feira, 2, as atividades do\u201cMaioAmarelo\u201d. O movimento tem como objetivo colocar em pauta o tema seguran\u00e7a vi\u00e1ria, mobilizando toda a sociedade e abordando a amplitude que a quest\u00e3o do tr\u00e2nsito exige, nas mais diferentes esferas. Para [&hellip;]<\/p>\n","protected":false},"author":96,"featured_media":112697,"comment_status":"closed","ping_status":"closed","sticky":false,"template":"","format":"standard","meta":{"footnotes":""},"categories":[253,436,439],"tags":[],"class_list":["post-139402","post","type-post","status-publish","format-standard","has-post-thumbnail","hentry","category-cidade","category-destaque-da-semana","category-ultima-hora"],"_links":{"self":[{"href":"https:\/\/diarioregionaldigital.com.br\/index.php?rest_route=\/wp\/v2\/posts\/139402","targetHints":{"allow":["GET"]}}],"collection":[{"href":"https:\/\/diarioregionaldigital.com.br\/index.php?rest_route=\/wp\/v2\/posts"}],"about":[{"href":"https:\/\/diarioregionaldigital.com.br\/index.php?rest_route=\/wp\/v2\/types\/post"}],"author":[{"embeddable":true,"href":"https:\/\/diarioregionaldigital.com.br\/index.php?rest_route=\/wp\/v2\/users\/96"}],"replies":[{"embeddable":true,"href":"https:\/\/diarioregionaldigital.com.br\/index.php?rest_route=%2Fwp%2Fv2%2Fcomments&post=139402"}],"version-history":[{"count":0,"href":"https:\/\/diarioregionaldigital.com.br\/index.php?rest_route=\/wp\/v2\/posts\/139402\/revisions"}],"wp:featuredmedia":[{"embeddable":true,"href":"https:\/\/diarioregionaldigital.com.br\/index.php?rest_route=\/wp\/v2\/media\/112697"}],"wp:attachment":[{"href":"https:\/\/diarioregionaldigital.com.br\/index.php?rest_route=%2Fwp%2Fv2%2Fmedia&parent=139402"}],"wp:term":[{"taxonomy":"category","embeddable":true,"href":"https:\/\/diarioregionaldigital.com.br\/index.php?rest_route=%2Fwp%2Fv2%2Fcategories&post=139402"},{"taxonomy":"post_tag","embeddable":true,"href":"https:\/\/diarioregionaldigital.com.br\/index.php?rest_route=%2Fwp%2Fv2%2Ftags&post=139402"}],"curies":[{"name":"wp","href":"https:\/\/api.w.org\/{rel}","templated":true}]}}