{"id":139387,"date":"2019-05-05T06:00:52","date_gmt":"2019-05-05T09:00:52","guid":{"rendered":"https:\/\/diarioregionaldigital.com.br\/?p=139387"},"modified":"2019-05-02T20:21:25","modified_gmt":"2019-05-02T23:21:25","slug":"numero-de-infracoes-no-primeiro-trimestre-de-2019-cai-1359","status":"publish","type":"post","link":"https:\/\/diarioregionaldigital.com.br\/?p=139387","title":{"rendered":"N\u00famero de infra\u00e7\u00f5es no primeiro trimestre de 2019 cai 13,59%"},"content":{"rendered":"<p>O n\u00famero de infra\u00e7\u00f5es de tr\u00e2nsito, no primeiro trimestre de 2019, reduziu em 13,59%, segundo a Secretaria de Transporte e Tr\u00e2nsito de Juiz de Fora (Settra). Entre janeiro de mar\u00e7o de 2018, foram registrados um total de 17.819 infra\u00e7\u00f5es, contra 15.398 no mesmo per\u00edodo em 2019.<\/p>\n<p>No primeiro per\u00edodo deste ano, o ranking de infra\u00e7\u00f5es foi liderado, por estacionamento irregular, com 6.873 autua\u00e7\u00f5es, 5,14% a mais do que as infra\u00e7\u00f5es registradas em 2018, que ficou com 6.537.J\u00e1 as autua\u00e7\u00f5es por excesso de velocidade tiveram uma redu\u00e7\u00e3o de 29,93%, este ano foram registradas 6.345, e 9.055 em 2018.<\/p>\n<p>Para o gerente do Departamento de Fiscaliza\u00e7\u00e3o de Tr\u00e2nsito, Paulo Peron J\u00fanior, a queda no n\u00famero de autua\u00e7\u00f5es em excesso de velocidade, est\u00e1 ligada ao car\u00e1ter educativo do radar. \u201cO radar, que \u00e9 um equipamento de fiscaliza\u00e7\u00e3o eletr\u00f4nica e que funciona 24 horas por dia, durante os 7 dias da semana, ent\u00e3o quando implantamos um novo ponto de fiscaliza\u00e7\u00e3o eletr\u00f4nica, o condutor n\u00e3o est\u00e1 acostumado com aquele novo equipamento no determinado lugar e acaba excedendo o limite de velocidade sendo multado. Com o passar do tempo, os motoristas v\u00e3o acostumando com aquele radar e v\u00e3o aumentando o n\u00edvel de respeitabilidade.\u201d<\/p>\n<div id=\"attachment_139391\" style=\"width: 478px\" class=\"wp-caption aligncenter\"><img loading=\"lazy\" decoding=\"async\" aria-describedby=\"caption-attachment-139391\" class=\" wp-image-139391\" src=\"https:\/\/diarioregionaldigital.com.br\/wp-content\/uploads\/2019\/05\/RAFAELA-FRUTUOSO-usar-essa-2-300x200.jpg\" alt=\"\" width=\"468\" height=\"312\" srcset=\"https:\/\/diarioregionaldigital.com.br\/wp-content\/uploads\/2019\/05\/RAFAELA-FRUTUOSO-usar-essa-2-300x200.jpg 300w, https:\/\/diarioregionaldigital.com.br\/wp-content\/uploads\/2019\/05\/RAFAELA-FRUTUOSO-usar-essa-2-768x512.jpg 768w, https:\/\/diarioregionaldigital.com.br\/wp-content\/uploads\/2019\/05\/RAFAELA-FRUTUOSO-usar-essa-2-1024x683.jpg 1024w, https:\/\/diarioregionaldigital.com.br\/wp-content\/uploads\/2019\/05\/RAFAELA-FRUTUOSO-usar-essa-2-360x240.jpg 360w\" sizes=\"auto, (max-width: 468px) 100vw, 468px\" \/><p id=\"caption-attachment-139391\" class=\"wp-caption-text\">Foto: Rafaela Frutuoso<\/p><\/div>\n<p>J\u00e1 as multas aplicadas pelo uso de celular ao volante aumentaram 23,74%, sendo 476 em 2018 e 589 em 2019. \u201cReferente ao aumento no n\u00famero de autua\u00e7\u00e3o de tr\u00e2nsito por o uso do celular \u00e9 devido ao aumento da fiscaliza\u00e7\u00e3o. Os usos do telefone m\u00f3vel na dire\u00e7\u00e3o n\u00e3o s\u00e3o realizados pelo equipamento eletr\u00f4nico e sim pelos olhos dos nossos agentes de tr\u00e2nsito\u201d, explica Peron<\/p>\n<p>O gerente ainda acrescenta que os investimentos na fiscaliza\u00e7\u00e3o eletr\u00f4nica beneficiaram os trabalhos dos agentes de tr\u00e2nsito.\u201cEnt\u00e3o com a melhora na fiscaliza\u00e7\u00e3o eletr\u00f4nica, que foi um investimento para a qualidade deste servi\u00e7o com o uso da tecnologia, gera uma melhor aten\u00e7\u00e3o na qualidade dos nossos agentes, que tem a disponibilidade para fiscalizar outros tipos de infra\u00e7\u00f5es e em outros lugares\u201d, explica Peron.<\/p>\n<p><img loading=\"lazy\" decoding=\"async\" class=\" wp-image-139395 aligncenter\" src=\"https:\/\/diarioregionaldigital.com.br\/wp-content\/uploads\/2019\/05\/02-TABELA-300x105.png\" alt=\"\" width=\"474\" height=\"166\" srcset=\"https:\/\/diarioregionaldigital.com.br\/wp-content\/uploads\/2019\/05\/02-TABELA-300x105.png 300w, https:\/\/diarioregionaldigital.com.br\/wp-content\/uploads\/2019\/05\/02-TABELA-768x268.png 768w, https:\/\/diarioregionaldigital.com.br\/wp-content\/uploads\/2019\/05\/02-TABELA-1024x357.png 1024w, https:\/\/diarioregionaldigital.com.br\/wp-content\/uploads\/2019\/05\/02-TABELA-360x126.png 360w, https:\/\/diarioregionaldigital.com.br\/wp-content\/uploads\/2019\/05\/02-TABELA.png 1129w\" sizes=\"auto, (max-width: 474px) 100vw, 474px\" \/><\/p>\n<p><strong>Campanha de tr\u00e2nsito mais seguro<\/strong><\/p>\n<p>Ser\u00e1 realizado neste domingo, 5,\u00e0s 8 horas, na avenida Rio Branco, a abertura oficial da campanha \u201cMaio Amarelo \u2013 No Tr\u00e2nsito, o sentido \u00e9 a vida!\u201d, que tem o objetivo de trazer o tema seguran\u00e7a vi\u00e1ria, mobilizando toda a sociedade e abordando a amplitude que a quest\u00e3o do tr\u00e2nsito exige, nas mais diferentes esferas.<\/p>\n<p>A abertura do evento ser\u00e1 marcada por uma exposi\u00e7\u00e3o de ve\u00edculos antigos do Vintage, simula\u00e7\u00e3o de resgate de acidentes com Corpo de Bombeiros e participa\u00e7\u00e3o do Servi\u00e7o de Atendimento M\u00f3vel de Urg\u00eancia (Samu), adesiva\u00e7\u00e3o de t\u00e1xis com a tem\u00e1tica do Maio Amarelo, entre outras atividades.<\/p>\n","protected":false},"excerpt":{"rendered":"<p>O n\u00famero de infra\u00e7\u00f5es de tr\u00e2nsito, no primeiro trimestre de 2019, reduziu em 13,59%, segundo a Secretaria de Transporte e Tr\u00e2nsito de Juiz de Fora (Settra). Entre janeiro de mar\u00e7o de 2018, foram registrados um total de 17.819 infra\u00e7\u00f5es, contra 15.398 no mesmo per\u00edodo em 2019. No primeiro per\u00edodo deste ano, o ranking de infra\u00e7\u00f5es [&hellip;]<\/p>\n","protected":false},"author":96,"featured_media":139392,"comment_status":"closed","ping_status":"closed","sticky":false,"template":"","format":"standard","meta":{"footnotes":""},"categories":[253,436,440,439],"tags":[],"class_list":["post-139387","post","type-post","status-publish","format-standard","has-post-thumbnail","hentry","category-cidade","category-destaque-da-semana","category-destaques-do-dia","category-ultima-hora"],"_links":{"self":[{"href":"https:\/\/diarioregionaldigital.com.br\/index.php?rest_route=\/wp\/v2\/posts\/139387","targetHints":{"allow":["GET"]}}],"collection":[{"href":"https:\/\/diarioregionaldigital.com.br\/index.php?rest_route=\/wp\/v2\/posts"}],"about":[{"href":"https:\/\/diarioregionaldigital.com.br\/index.php?rest_route=\/wp\/v2\/types\/post"}],"author":[{"embeddable":true,"href":"https:\/\/diarioregionaldigital.com.br\/index.php?rest_route=\/wp\/v2\/users\/96"}],"replies":[{"embeddable":true,"href":"https:\/\/diarioregionaldigital.com.br\/index.php?rest_route=%2Fwp%2Fv2%2Fcomments&post=139387"}],"version-history":[{"count":0,"href":"https:\/\/diarioregionaldigital.com.br\/index.php?rest_route=\/wp\/v2\/posts\/139387\/revisions"}],"wp:featuredmedia":[{"embeddable":true,"href":"https:\/\/diarioregionaldigital.com.br\/index.php?rest_route=\/wp\/v2\/media\/139392"}],"wp:attachment":[{"href":"https:\/\/diarioregionaldigital.com.br\/index.php?rest_route=%2Fwp%2Fv2%2Fmedia&parent=139387"}],"wp:term":[{"taxonomy":"category","embeddable":true,"href":"https:\/\/diarioregionaldigital.com.br\/index.php?rest_route=%2Fwp%2Fv2%2Fcategories&post=139387"},{"taxonomy":"post_tag","embeddable":true,"href":"https:\/\/diarioregionaldigital.com.br\/index.php?rest_route=%2Fwp%2Fv2%2Ftags&post=139387"}],"curies":[{"name":"wp","href":"https:\/\/api.w.org\/{rel}","templated":true}]}}