{"id":139383,"date":"2019-05-02T20:12:27","date_gmt":"2019-05-02T23:12:27","guid":{"rendered":"https:\/\/diarioregionaldigital.com.br\/?p=139383"},"modified":"2019-05-02T20:12:27","modified_gmt":"2019-05-02T23:12:27","slug":"geraldo-azevedo-lanca-solo-contigo","status":"publish","type":"post","link":"https:\/\/diarioregionaldigital.com.br\/?p=139383","title":{"rendered":"GERALDO AZEVEDO LAN\u00c7A &#8216;SOLO CONTIGO&#8217;"},"content":{"rendered":"<p>A figura marcante deste cantador, sozinho no palco, vestido como um trovador moderno, empunhando seu eterno companheiro de luta (o viol\u00e3o), tocando e &#8220;en-cantando&#8221;, remete a um lugar no espa\u00e7o-tempo no qual a areia da ampulheta n\u00e3o cai, o rel\u00f3gio deixa de marcar as horas e o calend\u00e1rio n\u00e3o faz mais sentido. \u00c9 um daqueles raros momentos em que voc\u00ea pede licen\u00e7a e embarca numa viagem ao fundo do cora\u00e7\u00e3o \u2013 algo que poucos artistas podem nos proporcionar de verdade, nos dias de hoje. Neste s\u00e1bado, 4, ele se apresenta Cine-Theatro Central rodando o pa\u00eds com a turn\u00ea de lan\u00e7amento do novo projeto.<\/p>\n<p>A for\u00e7a do cancioneiro de Geraldo Azevedo \u00e9 impressionante \u2013 mas n\u00e3o surpreendente, para quem o acompanha. O repert\u00f3rio escolhido para a apresenta\u00e7\u00e3o desta noite de 6 de setembro de 2018, no Centro Cultural Jo\u00e3o Nogueira, que ainda atende, tamb\u00e9m, pelo nome de Imperator, localizado no bairro do M\u00e9ier, no Rio de Janeiro, \u00e9 apenas uma das poss\u00edveis s\u00ednteses de uma obra s\u00f3lida, elaborada em diversas fases de sua vida.<\/p>\n<p>Adequadamente batizado de &#8220;Solo Contigo&#8221;, este projeto reapresenta alguns dos momentos mais significativos de Geraldo Azevedo, tocados no formato onde a can\u00e7\u00e3o nasce e onde tudo come\u00e7a, no formato voz e viol\u00e3o, o principal eixo na feitura de sua m\u00fasica,<\/p>\n<p>elaborada nota por nota, acorde por acorde, melodia por melodia, no decorrer de seus 52 anos de carreira. Curiosamente (ou n\u00e3o), este \u00e9 o primeiro registro produzido em v\u00eddeo, com foco total apenas neste tipo de show que o mestre faz h\u00e1 d\u00e9cadas \u2013 nele est\u00e3o can\u00e7\u00f5es escritas ao lado de seus ilustres parceiros, ao longo dos anos, mas que poderiam ter sido compostas ontem mesmo: atemporais e universais, falam direta e intimamente com cada um de n\u00f3s.<\/p>\n<p>&#8220;A realiza\u00e7\u00e3o deste projeto \u00e9 algo que faltava \u00e0 minha obra&#8221;, confessou Geraldo a este que vos fala. E n\u00e3o \u00e9 de hoje \u2013 muito pelo contr\u00e1rio \u2013 que produtores, m\u00fasicos, cantores e compositores s\u00e3o categ\u00f3ricos em reiterar que uma das melhores formas de voc\u00ea compreender e sentir a ess\u00eancia de uma can\u00e7\u00e3o \u00e9 ouvi-la em seu est\u00e1gio b\u00e1sico, na voz e no viol\u00e3o somente. &#8220;\u00c9 onde ela se revela plenamente&#8221;, afirmam.<\/p>\n<p>A apresenta\u00e7\u00e3o come\u00e7a com uma releitura de &#8220;Pr\u00edncipe Brilhante&#8221;, do \u00e1lbum &#8220;For All Para Todos&#8221;, de 1982 \u2013 um acerto, sem d\u00favida \u2013 iniciar a comunh\u00e3o com sua plateia com essa l\u00fadica vers\u00e3o, acompanhada por uma caixinha de m\u00fasica que nos teletransporta aos tempos da inf\u00e2ncia, onde sonhos e viagens imagin\u00e1rias habitavam o nosso dia a dia. \u00c9 um pren\u00fancio do que que vir\u00e1 pela frente.<\/p>\n<p>Na sequ\u00eancia, o cancioneiro azevediano vai tomando conta do Centro Cultural Jo\u00e3o Nogueira, desfilando cl\u00e1ssicos lan\u00e7ados em \u00e1lbuns que definiram seu perfil art\u00edstico e seu sucesso \u2013 ali est\u00e3o &#8220;Inclina\u00e7\u00f5es Musicais&#8221;, &#8220;Canta Cora\u00e7\u00e3o&#8221;, &#8220;Dia Branco&#8221; e &#8220;Mo\u00e7a Bonita&#8221;, do LP de 1981 &#8220;Inclina\u00e7\u00f5es Musicais&#8221;; &#8220;O Princ\u00edpio do Prazer&#8221;, &#8220;Chorando e Cantando&#8221; e &#8220;Dona da Minha Cabe\u00e7a&#8221;, de seu primeiro trabalho independente, produzido com recursos pr\u00f3prios, &#8220;De Outra Maneira&#8221;, lan\u00e7ado em 1986. Brilham ainda neste setlist, dentre outras can\u00e7\u00f5es essenciais de sua obra, a bel\u00edssima parceria com Alceu Valen\u00e7a, &#8220;Caravana&#8221;, lan\u00e7ada na trilha sonora da novela &#8220;Gabriela&#8221;, em 1975, al\u00e9m de &#8220;O Charme das Can\u00e7\u00f5es&#8221;, gravada em 1984 no LP &#8220;Tempo Tempero&#8221;, feita com Capinan; &#8220;Letras Negras&#8221;, do disco &#8220;Berekek\u00ea&#8221; (1991), outra parceria com Fausto Nilo; &#8220;Bicho de 7 Cabe\u00e7as II&#8221; (Geraldo Azevedo, Z\u00e9 Ramalho e Renato Rocha) e, claro, &#8220;T\u00e1xi Lunar&#8221; (Geraldo Azevedo, Z\u00e9 Ramalho e Alceu Valen\u00e7a), ambas do antol\u00f3gico \u00e1lbum de 1979, &#8220;Bicho de Sete Cabe\u00e7as&#8221;.<\/p>\n<p>Neste mar de can\u00e7\u00f5es n\u00e3o poderiam faltar in\u00e9ditas: o ator e compositor M\u00e1rio Lago teve sua poesia &#8220;O Amor Antigram\u00e1tico&#8221; musicada por Geraldo. &#8220;A Saudade Me Traz&#8221;, de autoria do companheiro de trabalho Sergio Peres, tamb\u00e9m foi selecionada para o espet\u00e1culo. Completam ainda o time de novidades &#8220;Pensar em Voc\u00ea&#8221;, de Chico C\u00e9sar; &#8220;Veja (Margarida)&#8221;, de Vital Farias; e &#8220;Est\u00e1cio, Eu e Voc\u00ea&#8221;, faixa que abre &#8220;P\u00e9rola Negra&#8221;, o cl\u00e1ssico \u00e1lbum de 1973, numa emocionada homenagem que Geraldo Azevedo presta \u00e0 Luiz Melodia.<\/p>\n<p>Por\u00e9m, t\u00e3o importante quanto este cancioneiro, \u00e9 a presen\u00e7a calorosa, muito \u00e0 vontade, deste cantador, nascido \u00e0s margens do majestoso Rio S\u00e3o Francisco, no enorme palco<\/p>\n<p>carioca. Ele se apresenta como se estivesse nos recebendo na sala de sua casa, com toda a hospitalidade t\u00edpica do nordestino, onde sempre canta para amigas e amigos. E aqui cabe a pergunta: o palco \u00e9 a sua casa? Ou a casa \u00e9 seu palco?<\/p>\n<p>&#8220;Solo Contigo&#8221; vem se somar a outros importantes registros ao vivo em voz e viol\u00e3o em sua discografia: os CDs &#8220;A Luz do Solo&#8221; (1985) e &#8220;Ao Vivo Comigo&#8221; (1994). A produ\u00e7\u00e3o musical e grava\u00e7\u00e3o de \u00e1udio ficaram por conta de outro grande parceiro de longa data: o guitarrista e produtor Robertinho de Recife. A dire\u00e7\u00e3o de fotografia e geral deste DVD, realizada com muita sensibilidade, \u00e9 de Bernardo Mendon\u00e7a.<\/p>\n<p>&#8220;Solo Contigo&#8221; cumpre v\u00e1rios pap\u00e9is. O principal, talvez, seja o de relembrar (porque n\u00f3s, brasileiros, somos os campe\u00f5es do esquecimento) que Geraldo pertence \u00e0 gera\u00e7\u00e3o de artes\u00e3os da can\u00e7\u00e3o popular brasileira, a gera\u00e7\u00e3o nascida na d\u00e9cada de 1940, t\u00e3o presente nas nossas vidas, que produziu e produz at\u00e9 hoje, a maior parte do que h\u00e1 de mais inspirador, relevante, especial e belo dentro da m\u00fasica brasileira. E Geraldo Azevedo \u00e9 um destes mestres.<\/p>\n<p>CHARLES GAVIN, fevereiro de 2019<\/p>\n<p>DVD GERALDO AZEVEDO &#8211; SOLO CONTIGO<\/p>\n<p>Gravado no Rio de Janeiro, em 06 de setembro de 2018, no Imperator &#8211; Centro Cultural Jo\u00e3o Nogueira<\/p>\n<p>VOZ, VIOL\u00c3O E DIRE\u00c7\u00c3O MUSICAL &#8211; Geraldo Azevedo<\/p>\n<p>PRODU\u00c7\u00c3O MUSICAL, GRAVA\u00c7\u00c3O E DIRE\u00c7\u00c3O DE \u00c1UDIO &#8211; Robertinho de Recife<\/p>\n<p>DIRE\u00c7\u00c3O E DIRE\u00c7\u00c3O DE FOTOGRAFIA &#8211; Bernardo Mendon\u00e7a<\/p>\n<p>DIRE\u00c7\u00c3O DE PRODU\u00c7\u00c3O &#8211; Em\u00edlia Veras e Gabriela Azevedo<\/p>\n<p>FAIXAS DO DVD<\/p>\n<p>01. Pr\u00edncipe Brilhante (Geraldo Azevedo \/ Carlos Fernando)<\/p>\n<p>02. Inclina\u00e7\u00f5es Musicais (Geraldo Azevedo \/ Renato Rocha)<\/p>\n<p>03. O Amor Antigram\u00e1tico (M\u00e1rio Lago \/ Geraldo Azevedo)<\/p>\n<p>04. Est\u00e1cio, Eu e Voc\u00ea (Luiz Melodia)<\/p>\n<p>05. A Saudade Me Traz (Sergio Peres)<\/p>\n<p>06. O Charme das Can\u00e7\u00f5es (Geraldo Azevedo \/ Capinan)<\/p>\n<p>07. O Princ\u00edpio do Prazer (Geraldo Azevedo)<\/p>\n<p>08. Letras Negras (Geraldo Azevedo \/ Fausto Nilo)<\/p>\n<p>09. Canta Cora\u00e7\u00e3o (Geraldo Azevedo \/ Carlos Fernando)<\/p>\n<p>10. Veja (Margarida) (Vital Farias)<\/p>\n<p>11. Tanto Querer (Geraldo Azevedo \/ Nando Cordel)<\/p>\n<p>12. Pensar em Voc\u00ea (Chico C\u00e9sar)<\/p>\n<p>13. Caravana (Geraldo Azevedo \/ Alceu Valen\u00e7a)<\/p>\n<p>14. Chorando e Cantando (Geraldo Azevedo \/ Fausto Nilo)<\/p>\n<p>15. Parceiro das Del\u00edcias (Geraldo Azevedo \/ Capinan)<\/p>\n<p>16. Talvez Seja Real (Geraldo Azevedo \/ Fausto Nilo)<\/p>\n<p>17. Estrela Guia (Geraldo Azevedo \/ Carlos Fernando)<\/p>\n<p>18. Voc\u00ea Se Lembra (Geraldo Azevedo \/ Fausto Nilo \/ Pippo Spera)<\/p>\n<p>19. Bicho de 7 Cabe\u00e7as II (Geraldo Azevedo \/ Z\u00e9 Ramalho \/ Renato Rocha)<\/p>\n<p>20. Dona da Minha Cabe\u00e7a (Geraldo Azevedo \/ Fausto Nilo)<\/p>\n<p>21. Dia Branco (Geraldo Azevedo \/ Renato Rocha)<\/p>\n<p>22. Mo\u00e7a Bonita \/ Sabor Colorido (Geraldo Azevedo \/ Capinan)<\/p>\n<p>23. T\u00e1xi Lunar (Geraldo Azevedo \/ Z\u00e9 Ramalho \/ Alceu Valen\u00e7a)<\/p>\n<p>FAIXAS DO CD<\/p>\n<p>01. Inclina\u00e7\u00f5es Musicais (Geraldo Azevedo \/ Renato Rocha)<\/p>\n<p>02. O Amor Antigram\u00e1tico (M\u00e1rio Lago \/ Geraldo Azevedo)<\/p>\n<p>03. Est\u00e1cio, Eu e Voc\u00ea (Luiz Melodia)<\/p>\n<p>04. A Saudade Me Traz (Sergio Peres)<\/p>\n<p>05. O Charme das Can\u00e7\u00f5es (Geraldo Azevedo \/ Capinan)<\/p>\n<p>06. O Princ\u00edpio do Prazer (Geraldo Azevedo)<\/p>\n<p>07. Letras Negras (Geraldo Azevedo \/ Fausto Nilo)<\/p>\n<p>08. Veja (Margarida) (Vital Farias)<\/p>\n<p>09. Voc\u00ea Se Lembra (Geraldo Azevedo \/ Fausto Nilo \/ Pippo Spera)<\/p>\n<p>10. Pensar em Voc\u00ea (Chico C\u00e9sar)<\/p>\n<p>11. Caravana (Geraldo Azevedo \/ Alceu Valen\u00e7a)<\/p>\n<p>12. Dona da Minha Cabe\u00e7a (Geraldo Azevedo \/ Fausto Nilo)<\/p>\n<p>13. Mo\u00e7a Bonita \/ Sabor Colorido (Geraldo Azevedo \/ Capinan)<\/p>\n<p>14. T\u00e1xi Lunar (Geraldo Azevedo \/ Z\u00e9 Ramalho \/ Alceu Valen\u00e7a)<\/p>\n<p>Fonte: Assessoria<\/p>\n","protected":false},"excerpt":{"rendered":"<p>A figura marcante deste cantador, sozinho no palco, vestido como um trovador moderno, empunhando seu eterno companheiro de luta (o viol\u00e3o), tocando e &#8220;en-cantando&#8221;, remete a um lugar no espa\u00e7o-tempo no qual a areia da ampulheta n\u00e3o cai, o rel\u00f3gio deixa de marcar as horas e o calend\u00e1rio n\u00e3o faz mais sentido. \u00c9 um daqueles [&hellip;]<\/p>\n","protected":false},"author":96,"featured_media":139384,"comment_status":"closed","ping_status":"closed","sticky":false,"template":"","format":"standard","meta":{"footnotes":""},"categories":[256],"tags":[],"class_list":["post-139383","post","type-post","status-publish","format-standard","has-post-thumbnail","hentry","category-cultura"],"_links":{"self":[{"href":"https:\/\/diarioregionaldigital.com.br\/index.php?rest_route=\/wp\/v2\/posts\/139383","targetHints":{"allow":["GET"]}}],"collection":[{"href":"https:\/\/diarioregionaldigital.com.br\/index.php?rest_route=\/wp\/v2\/posts"}],"about":[{"href":"https:\/\/diarioregionaldigital.com.br\/index.php?rest_route=\/wp\/v2\/types\/post"}],"author":[{"embeddable":true,"href":"https:\/\/diarioregionaldigital.com.br\/index.php?rest_route=\/wp\/v2\/users\/96"}],"replies":[{"embeddable":true,"href":"https:\/\/diarioregionaldigital.com.br\/index.php?rest_route=%2Fwp%2Fv2%2Fcomments&post=139383"}],"version-history":[{"count":0,"href":"https:\/\/diarioregionaldigital.com.br\/index.php?rest_route=\/wp\/v2\/posts\/139383\/revisions"}],"wp:featuredmedia":[{"embeddable":true,"href":"https:\/\/diarioregionaldigital.com.br\/index.php?rest_route=\/wp\/v2\/media\/139384"}],"wp:attachment":[{"href":"https:\/\/diarioregionaldigital.com.br\/index.php?rest_route=%2Fwp%2Fv2%2Fmedia&parent=139383"}],"wp:term":[{"taxonomy":"category","embeddable":true,"href":"https:\/\/diarioregionaldigital.com.br\/index.php?rest_route=%2Fwp%2Fv2%2Fcategories&post=139383"},{"taxonomy":"post_tag","embeddable":true,"href":"https:\/\/diarioregionaldigital.com.br\/index.php?rest_route=%2Fwp%2Fv2%2Ftags&post=139383"}],"curies":[{"name":"wp","href":"https:\/\/api.w.org\/{rel}","templated":true}]}}