{"id":139380,"date":"2019-05-05T06:00:22","date_gmt":"2019-05-05T09:00:22","guid":{"rendered":"https:\/\/diarioregionaldigital.com.br\/?p=139380"},"modified":"2019-05-02T20:18:17","modified_gmt":"2019-05-02T23:18:17","slug":"comercio-faz-apostas-para-o-dia-das-maes","status":"publish","type":"post","link":"https:\/\/diarioregionaldigital.com.br\/?p=139380","title":{"rendered":"Com\u00e9rcio faz apostas para o Dia das M\u00e3es"},"content":{"rendered":"<p>Faltando uma semana para o Dia das M\u00e3es, segunda melhor \u00e9poca de vendas para o com\u00e9rcio, empres\u00e1rios do segmento fazem apostas para o crescimento das vendas neste per\u00edodo. A data que se destaca pelo forte apelo emocional, traza possibilidade de aumento de vendas, principalmente nos produtos voltados para op\u00fablicofeminino, como vestu\u00e1rios, cal\u00e7ados, acess\u00f3rios, perfumaria, produtos de decora\u00e7\u00e3o, dentre outros.<\/p>\n<p>Para o Sindicato do Com\u00e9rcio de Juiz de Fora (Sindicom\u00e9rcio), a previs\u00e3o de aumento das vendas deste ano, ficar\u00e1 entre 3% e 5%, consequentemente gerando um movimento de 200 contrata\u00e7\u00f5es tempor\u00e1rias para este per\u00edodo.<\/p>\n<div id=\"attachment_139389\" style=\"width: 553px\" class=\"wp-caption aligncenter\"><img loading=\"lazy\" decoding=\"async\" aria-describedby=\"caption-attachment-139389\" class=\" wp-image-139389\" src=\"https:\/\/diarioregionaldigital.com.br\/wp-content\/uploads\/2019\/05\/ARQUIVO_RAFAELA-FRUTUOSO-usar-essa-2-300x200.jpg\" alt=\"\" width=\"543\" height=\"362\" srcset=\"https:\/\/diarioregionaldigital.com.br\/wp-content\/uploads\/2019\/05\/ARQUIVO_RAFAELA-FRUTUOSO-usar-essa-2-300x200.jpg 300w, https:\/\/diarioregionaldigital.com.br\/wp-content\/uploads\/2019\/05\/ARQUIVO_RAFAELA-FRUTUOSO-usar-essa-2-768x512.jpg 768w, https:\/\/diarioregionaldigital.com.br\/wp-content\/uploads\/2019\/05\/ARQUIVO_RAFAELA-FRUTUOSO-usar-essa-2-1024x683.jpg 1024w, https:\/\/diarioregionaldigital.com.br\/wp-content\/uploads\/2019\/05\/ARQUIVO_RAFAELA-FRUTUOSO-usar-essa-2-360x240.jpg 360w, https:\/\/diarioregionaldigital.com.br\/wp-content\/uploads\/2019\/05\/ARQUIVO_RAFAELA-FRUTUOSO-usar-essa-2.jpg 1920w\" sizes=\"auto, (max-width: 543px) 100vw, 543px\" \/><p id=\"caption-attachment-139389\" class=\"wp-caption-text\">A CNC, realizou uma pesquisa nacionalmente, que apresentou queda em sete produtos em compara\u00e7\u00e3o ao no passado, em destaque para maquiagem (-6,3%), t\u00eanis (-2,7%) e bolsas (-2,2%). Foto: Arquivo\/Rafaela Frutuoso<\/p><\/div>\n<p>\u201cO Dia das M\u00e3es \u00e9 a segunda melhor data do ano para o com\u00e9rcio ficando atr\u00e1s apenas do Natal. \u00c9 uma data de forte apelo emocional onde as pessoas est\u00e3o dispostas a investir para presentear suas m\u00e3es\u201d,explica o presidente do Sindicom\u00e9rcio, Emerson Beloti.<\/p>\n<p>O economista chefe da Confedera\u00e7\u00e3o Nacional do Com\u00e9rcio (CNC) conta queesse \u00e9 o terceiro ano consecutivo de alta do faturamento brasileiro no Dia das M\u00e3es. &#8220;Desde que a crise [econ\u00f4mica] acabou, em 2016 e in\u00edcio de 2017, as vendas para o Dia das M\u00e3es v\u00eam crescendo. \u00c9 uma data importante para o com\u00e9rcio; \u00e9 o Natal do primeiro semestre&#8221;.<\/p>\n<p>A CNC, realizou uma pesquisa nacionalmente, que apresentou queda em sete produtos em compara\u00e7\u00e3o ao no passado, em destaque para maquiagem (-6,3%), t\u00eanis (-2,7%) e bolsas (-2,2%).<\/p>\n<p>&nbsp;<\/p>\n<p><strong>Hor\u00e1rio Especial<\/strong><\/p>\n<p>N\u00f3 pr\u00f3ximo s\u00e1bado, 12, algumas lojas funcionar\u00e3o em hor\u00e1rio estendido, at\u00e9 as 18h, segundo o acordo realizado entre o Sindicato do Com\u00e9rcio de Juiz de Fora e o Sindicato dos Empregados no Com\u00e9rcio.<\/p>\n","protected":false},"excerpt":{"rendered":"<p>Faltando uma semana para o Dia das M\u00e3es, segunda melhor \u00e9poca de vendas para o com\u00e9rcio, empres\u00e1rios do segmento fazem apostas para o crescimento das vendas neste per\u00edodo. A data que se destaca pelo forte apelo emocional, traza possibilidade de aumento de vendas, principalmente nos produtos voltados para op\u00fablicofeminino, como vestu\u00e1rios, cal\u00e7ados, acess\u00f3rios, perfumaria, produtos [&hellip;]<\/p>\n","protected":false},"author":96,"featured_media":139388,"comment_status":"closed","ping_status":"closed","sticky":false,"template":"","format":"standard","meta":{"footnotes":""},"categories":[253,436,440,439],"tags":[],"class_list":["post-139380","post","type-post","status-publish","format-standard","has-post-thumbnail","hentry","category-cidade","category-destaque-da-semana","category-destaques-do-dia","category-ultima-hora"],"_links":{"self":[{"href":"https:\/\/diarioregionaldigital.com.br\/index.php?rest_route=\/wp\/v2\/posts\/139380","targetHints":{"allow":["GET"]}}],"collection":[{"href":"https:\/\/diarioregionaldigital.com.br\/index.php?rest_route=\/wp\/v2\/posts"}],"about":[{"href":"https:\/\/diarioregionaldigital.com.br\/index.php?rest_route=\/wp\/v2\/types\/post"}],"author":[{"embeddable":true,"href":"https:\/\/diarioregionaldigital.com.br\/index.php?rest_route=\/wp\/v2\/users\/96"}],"replies":[{"embeddable":true,"href":"https:\/\/diarioregionaldigital.com.br\/index.php?rest_route=%2Fwp%2Fv2%2Fcomments&post=139380"}],"version-history":[{"count":0,"href":"https:\/\/diarioregionaldigital.com.br\/index.php?rest_route=\/wp\/v2\/posts\/139380\/revisions"}],"wp:featuredmedia":[{"embeddable":true,"href":"https:\/\/diarioregionaldigital.com.br\/index.php?rest_route=\/wp\/v2\/media\/139388"}],"wp:attachment":[{"href":"https:\/\/diarioregionaldigital.com.br\/index.php?rest_route=%2Fwp%2Fv2%2Fmedia&parent=139380"}],"wp:term":[{"taxonomy":"category","embeddable":true,"href":"https:\/\/diarioregionaldigital.com.br\/index.php?rest_route=%2Fwp%2Fv2%2Fcategories&post=139380"},{"taxonomy":"post_tag","embeddable":true,"href":"https:\/\/diarioregionaldigital.com.br\/index.php?rest_route=%2Fwp%2Fv2%2Ftags&post=139380"}],"curies":[{"name":"wp","href":"https:\/\/api.w.org\/{rel}","templated":true}]}}