{"id":139377,"date":"2019-05-05T06:00:14","date_gmt":"2019-05-05T09:00:14","guid":{"rendered":"https:\/\/diarioregionaldigital.com.br\/?p=139377"},"modified":"2019-05-02T20:01:51","modified_gmt":"2019-05-02T23:01:51","slug":"pl-quer-inspecao-do-transporte-publico-urbano","status":"publish","type":"post","link":"https:\/\/diarioregionaldigital.com.br\/?p=139377","title":{"rendered":"PL quer inspe\u00e7\u00e3o do transporte p\u00fablico urbano"},"content":{"rendered":"<p>Estabelecer diretrizes para realiza\u00e7\u00e3o de inspe\u00e7\u00e3o nos ve\u00edculos que operam nos servi\u00e7os regulares de transporte p\u00fablico, este \u00e9 o intuito do Projeto de Lei (PL) de autoria do vereador Cido Reis (PSB) apresentado na 9\u00ba reuni\u00e3o ordin\u00e1ria na \u00faltima segunda-feira, 29.<\/p>\n<p>A ideia \u00e9 que todos os ve\u00edculos do transporte p\u00fablico urbano sejam submetidos \u00e0 fiscaliza\u00e7\u00e3o semestralmente dentro dos meses de janeiro a julho de cada ano pelo Instituto Nacional de Metrologia, Qualidade e Tecnologia (Inmetro), apresentando laudo de vistoria por empresas credenciadas e que os laudos sejam afixados no p\u00e1ra-brisa dianteiro, sendo o uso obrigat\u00f3rio para circula\u00e7\u00e3o do \u00f4nibus e confirmando a inspe\u00e7\u00e3o.<\/p>\n<p>O PL informa ainda que esta \u00e9 uma forma de dar condi\u00e7\u00f5es de seguran\u00e7a a opera\u00e7\u00e3o,funcionamento, preserva\u00e7\u00e3o das caracter\u00edsticas t\u00e9cnicas e higiene do ve\u00edculo que s\u00e3o de exclusiva responsabilidade das empresas concession\u00e1rias e, podendo as irregularidades ser punidas, de acordo com o previsto nos contratos.<\/p>\n<p>Na justificativa o parlamentar demonstra preocupa\u00e7\u00e3o diante dos diversos problemas mec\u00e2nicos dos ve\u00edculos que rodam dentro do munic\u00edpio. \u201cQuando o assunto \u00e9 transporte, a prioridade deve estar sempre ligada \u00e0 seguran\u00e7a dos passageiros, independente do ve\u00edculo utilizado. Observamos que a falta qualidade e resist\u00eancia dos freios utilizados, a suspens\u00e3o dos ve\u00edculos, o eixo, dire\u00e7\u00e3o \u00e0 m\u00e1 conserva\u00e7\u00e3o dos \u00f4nibus, com pneus carecas, bancos soltos e sujos.\u00a0 Tudo isso se resume a duas coisas: falta fiscaliza\u00e7\u00e3o e omiss\u00e3o das autoridades de transportes\u201d, disse.<\/p>\n<p>Cido aponta que o projeto em quest\u00e3o tem o objetivo de fazer com que haja uma fiscaliza\u00e7\u00e3o mais adequada no transporte p\u00fablico. Ele cita, que diversos acidentes j\u00e1 aconteceram na cidade devido \u00e0 falta de manuten\u00e7\u00e3o nos ve\u00edculos que conduzem a popula\u00e7\u00e3o juizforana.\u00a0 O projeto foi encaminhado para an\u00e1lise das comiss\u00f5es e ap\u00f3s ser\u00e1 conduzido \u00e0 plen\u00e1rio para vota\u00e7\u00e3o.<\/p>\n<p>&nbsp;<\/p>\n<p>Fonte: CMJF<\/p>\n","protected":false},"excerpt":{"rendered":"<p>Estabelecer diretrizes para realiza\u00e7\u00e3o de inspe\u00e7\u00e3o nos ve\u00edculos que operam nos servi\u00e7os regulares de transporte p\u00fablico, este \u00e9 o intuito do Projeto de Lei (PL) de autoria do vereador Cido Reis (PSB) apresentado na 9\u00ba reuni\u00e3o ordin\u00e1ria na \u00faltima segunda-feira, 29. A ideia \u00e9 que todos os ve\u00edculos do transporte p\u00fablico urbano sejam submetidos \u00e0 [&hellip;]<\/p>\n","protected":false},"author":96,"featured_media":139381,"comment_status":"closed","ping_status":"closed","sticky":false,"template":"","format":"standard","meta":{"footnotes":""},"categories":[253,436,439],"tags":[],"class_list":["post-139377","post","type-post","status-publish","format-standard","has-post-thumbnail","hentry","category-cidade","category-destaque-da-semana","category-ultima-hora"],"_links":{"self":[{"href":"https:\/\/diarioregionaldigital.com.br\/index.php?rest_route=\/wp\/v2\/posts\/139377","targetHints":{"allow":["GET"]}}],"collection":[{"href":"https:\/\/diarioregionaldigital.com.br\/index.php?rest_route=\/wp\/v2\/posts"}],"about":[{"href":"https:\/\/diarioregionaldigital.com.br\/index.php?rest_route=\/wp\/v2\/types\/post"}],"author":[{"embeddable":true,"href":"https:\/\/diarioregionaldigital.com.br\/index.php?rest_route=\/wp\/v2\/users\/96"}],"replies":[{"embeddable":true,"href":"https:\/\/diarioregionaldigital.com.br\/index.php?rest_route=%2Fwp%2Fv2%2Fcomments&post=139377"}],"version-history":[{"count":0,"href":"https:\/\/diarioregionaldigital.com.br\/index.php?rest_route=\/wp\/v2\/posts\/139377\/revisions"}],"wp:featuredmedia":[{"embeddable":true,"href":"https:\/\/diarioregionaldigital.com.br\/index.php?rest_route=\/wp\/v2\/media\/139381"}],"wp:attachment":[{"href":"https:\/\/diarioregionaldigital.com.br\/index.php?rest_route=%2Fwp%2Fv2%2Fmedia&parent=139377"}],"wp:term":[{"taxonomy":"category","embeddable":true,"href":"https:\/\/diarioregionaldigital.com.br\/index.php?rest_route=%2Fwp%2Fv2%2Fcategories&post=139377"},{"taxonomy":"post_tag","embeddable":true,"href":"https:\/\/diarioregionaldigital.com.br\/index.php?rest_route=%2Fwp%2Fv2%2Ftags&post=139377"}],"curies":[{"name":"wp","href":"https:\/\/api.w.org\/{rel}","templated":true}]}}