{"id":139370,"date":"2019-05-05T06:00:29","date_gmt":"2019-05-05T09:00:29","guid":{"rendered":"https:\/\/diarioregionaldigital.com.br\/?p=139370"},"modified":"2019-05-02T19:43:58","modified_gmt":"2019-05-02T22:43:58","slug":"cae-analisa-financiamento-da-seguranca-viaria-com-recursos-da-seguranca-publica","status":"publish","type":"post","link":"https:\/\/diarioregionaldigital.com.br\/?p=139370","title":{"rendered":"CAE analisa financiamento da seguran\u00e7a vi\u00e1ria com recursos da seguran\u00e7a p\u00fablica"},"content":{"rendered":"<p>&nbsp;<\/p>\n<p>A Comiss\u00e3o de Assuntos Econ\u00f4micos (CAE) tem reuni\u00e3o marcada para a pr\u00f3xima ter\u00e7a-feira (7), \u00e0s 10h, com 10 itens na pauta. Um dos projetos \u00e9 o que contempla a seguran\u00e7a vi\u00e1ria entre as atividades apoiadas pelo Fundo Nacional de Seguran\u00e7a P\u00fablica (FNSP).<\/p>\n<p>O autor da mat\u00e9ria (PLC 49\/2018), deputado Efraim Filho (DEM-PB), argumenta que a proposi\u00e7\u00e3o busca adequar o FNSP \u00e0 realidade constitucional. Com a Emenda Constitucional 82\/2014, ocorreu o reconhecimento de que a seguran\u00e7a vi\u00e1ria faz parte da seguran\u00e7a p\u00fablica e \u00e9 imprescind\u00edvel para a redu\u00e7\u00e3o de mortes e de casos de invalidez no tr\u00e2nsito brasileiro.<\/p>\n<p>Conforme o texto, os recursos do FNSP poder\u00e3o ser usados para constru\u00e7\u00e3o, reforma, amplia\u00e7\u00e3o e moderniza\u00e7\u00e3o de unidades relacionadas aos agentes de tr\u00e2nsito e tamb\u00e9m para a aquisi\u00e7\u00e3o de materiais, equipamentos e ve\u00edculos para o funcionamento da seguran\u00e7a vi\u00e1ria. Al\u00e9m disso, os recursos ainda poder\u00e3o ser usados para a capacita\u00e7\u00e3o profissional dos agentes.<\/p>\n<p>O relator, senador Otto Alencar (PSD-BA), \u00e9 favor\u00e1vel ao projeto. No entanto, ele apresentou um substitutivo para fazer ajustes nas refer\u00eancias legislativas e na ementa da mat\u00e9ria.<\/p>\n<p>Em seu relat\u00f3rio, Otto cita dados da Organiza\u00e7\u00e3o Mundial da Sa\u00fade (OMS) para lembrar que o Brasil ocupa o quinto lugar na lista dos pa\u00edses recordistas em mortes no tr\u00e2nsito. Em 2016, houve mais de 37 mil mortes no tr\u00e2nsito no pa\u00eds. Para Otto Alencar, ao direcionar recursos do FNSP aos \u00f3rg\u00e3os respons\u00e1veis pela seguran\u00e7a vi\u00e1ria, o projeto \u201cacertadamente fortalece a seguran\u00e7a p\u00fablica\u201d.<\/p>\n<p>Se aprovada na CAE, a mat\u00e9ria ser\u00e1 analisada pela Comiss\u00e3o de Constitui\u00e7\u00e3o, Justi\u00e7a e Cidadania (CCJ).<\/p>\n<p><strong>Cr\u00e9ditos<\/strong><\/p>\n<p>Na mesma reuni\u00e3o, a comiss\u00e3o vai votar duas mensagens que tratam de autoriza\u00e7\u00e3o para obten\u00e7\u00e3o de cr\u00e9dito internacional. Uma delas (MSF 13\/2019) trata do financiamento de US$ 100 milh\u00f5es para a\u00e7\u00f5es do Programa de Requalifica\u00e7\u00e3o Urbana e Seguran\u00e7a Cidad\u00e3 no munic\u00edpio de Vit\u00f3ria. O contrato ser\u00e1 firmado com o Banco Interamericano de Desenvolvimento (BID), com a garantia da Uni\u00e3o.<\/p>\n<p>A outra mensagem (MSF 14\/2019) trata da contrata\u00e7\u00e3o de empr\u00e9stimo pelo munic\u00edpio de Fortaleza, no valor de US$ 150 milh\u00f5es, junto \u00e0 Corpora\u00e7\u00e3o Andina de Fomento (CAF). Os recursos destinam-se ao financiamento parcial do Programa de Infraestrutura em Educa\u00e7\u00e3o e Saneamento.<\/p>\n<p>&nbsp;<\/p>\n<p>Fonte: Ag\u00eancia Senado<\/p>\n","protected":false},"excerpt":{"rendered":"<p>&nbsp; A Comiss\u00e3o de Assuntos Econ\u00f4micos (CAE) tem reuni\u00e3o marcada para a pr\u00f3xima ter\u00e7a-feira (7), \u00e0s 10h, com 10 itens na pauta. Um dos projetos \u00e9 o que contempla a seguran\u00e7a vi\u00e1ria entre as atividades apoiadas pelo Fundo Nacional de Seguran\u00e7a P\u00fablica (FNSP). O autor da mat\u00e9ria (PLC 49\/2018), deputado Efraim Filho (DEM-PB), argumenta que [&hellip;]<\/p>\n","protected":false},"author":96,"featured_media":139372,"comment_status":"closed","ping_status":"closed","sticky":false,"template":"","format":"standard","meta":{"footnotes":""},"categories":[436,254,439],"tags":[],"class_list":["post-139370","post","type-post","status-publish","format-standard","has-post-thumbnail","hentry","category-destaque-da-semana","category-politica","category-ultima-hora"],"_links":{"self":[{"href":"https:\/\/diarioregionaldigital.com.br\/index.php?rest_route=\/wp\/v2\/posts\/139370","targetHints":{"allow":["GET"]}}],"collection":[{"href":"https:\/\/diarioregionaldigital.com.br\/index.php?rest_route=\/wp\/v2\/posts"}],"about":[{"href":"https:\/\/diarioregionaldigital.com.br\/index.php?rest_route=\/wp\/v2\/types\/post"}],"author":[{"embeddable":true,"href":"https:\/\/diarioregionaldigital.com.br\/index.php?rest_route=\/wp\/v2\/users\/96"}],"replies":[{"embeddable":true,"href":"https:\/\/diarioregionaldigital.com.br\/index.php?rest_route=%2Fwp%2Fv2%2Fcomments&post=139370"}],"version-history":[{"count":0,"href":"https:\/\/diarioregionaldigital.com.br\/index.php?rest_route=\/wp\/v2\/posts\/139370\/revisions"}],"wp:featuredmedia":[{"embeddable":true,"href":"https:\/\/diarioregionaldigital.com.br\/index.php?rest_route=\/wp\/v2\/media\/139372"}],"wp:attachment":[{"href":"https:\/\/diarioregionaldigital.com.br\/index.php?rest_route=%2Fwp%2Fv2%2Fmedia&parent=139370"}],"wp:term":[{"taxonomy":"category","embeddable":true,"href":"https:\/\/diarioregionaldigital.com.br\/index.php?rest_route=%2Fwp%2Fv2%2Fcategories&post=139370"},{"taxonomy":"post_tag","embeddable":true,"href":"https:\/\/diarioregionaldigital.com.br\/index.php?rest_route=%2Fwp%2Fv2%2Ftags&post=139370"}],"curies":[{"name":"wp","href":"https:\/\/api.w.org\/{rel}","templated":true}]}}