{"id":139358,"date":"2019-05-03T06:00:52","date_gmt":"2019-05-03T09:00:52","guid":{"rendered":"https:\/\/diarioregionaldigital.com.br\/?p=139358"},"modified":"2019-05-02T18:40:01","modified_gmt":"2019-05-02T21:40:01","slug":"prefeitura-municipal-de-rio-novo-licitacao-no041-03-05-19","status":"publish","type":"post","link":"https:\/\/diarioregionaldigital.com.br\/?p=139358","title":{"rendered":"Prefeitura Municipal de Rio Novo &#8211; Licita\u00e7\u00e3o n\u00ba041 &#8211; 03\/05\/19"},"content":{"rendered":"<p style=\"text-align: center;\"><strong>PREFEITURA MUNICIPAL DE RIO NOVO<\/strong><\/p>\n<p style=\"text-align: center;\"><strong>AVISO DE LICITA\u00c7\u00c3O<\/strong><\/p>\n<p style=\"text-align: center;\"><strong>Licita\u00e7\u00e3o n\u00b0 041\/2019<\/strong><\/p>\n<p style=\"text-align: center;\"><strong>Modalidade de Preg\u00e3o Presencial n\u00b0 021\/2019<\/strong><\/p>\n<p style=\"text-align: center;\">O Munic\u00edpio de RIO NOVO, na forma da lei, faz saber a todos quantos o presente edital virem, ou dele conhecimento tiverem, que a partir das 10:00h do dia 16 \u00a0de maio de 2019, na Prefeitura Municipal na sala da comiss\u00e3o de licita\u00e7\u00e3o, localizada na PRA\u00c7A PREF. RONALDO DUTRA BORGES, n\u00b0 001, bairro CENTRO, munic\u00edpio de RIO NOVO, ser\u00e1 realizada licita\u00e7\u00e3o para a contrata\u00e7\u00e3o de interessados na CONTRATA\u00c7\u00c3O DE SOCIEDADE EMPRES\u00c1RIA OU PESSOA F\u00cdSICA PARA MINISTRAR AULAS DE CAPOEIRA, FACILITADOR DE DAN\u00c7A, FACILITADOR DE BAL\u00c9 INFANTIL, FACILITADOR DE MUAY THAI, OFICINEIROS, ORIENTADOR SOCIAL E PROFESSOR DE REFOR\u00c7O ESCOLAR, PARA ATENDIMENTO AO PROJETO INCLUIR, TRANSFORMANDO POSSIBILIDADE EM REALIZA\u00c7\u00d5ES VISANDO O CUMPRIMENTO DAS DEMANDAS ORIUNDAS DAS SITUA\u00c7\u00d5ES DE VULNERABILIDADE E RISCO SOCIAL DECITADAS NO MUNIC\u00cdPIO DE RIO NOVO. Tipo Menor Pre\u00e7o por Item conforme consta no edital que se encontra a disposi\u00e7\u00e3o de todos os interessados na Prefeitura Municipal, onde poder\u00e3o obt\u00ea-lo. Para conhecimento de todos os interessados, expediu-se o presente que ser\u00e1 afixado no lugar de costume, publicando-se na forma da lei. RIO NOVO, 02 de maio de 2019.<\/p>\n","protected":false},"excerpt":{"rendered":"<p>PREFEITURA MUNICIPAL DE RIO NOVO AVISO DE LICITA\u00c7\u00c3O Licita\u00e7\u00e3o n\u00b0 041\/2019 Modalidade de Preg\u00e3o Presencial n\u00b0 021\/2019 O Munic\u00edpio de RIO NOVO, na forma da lei, faz saber a todos quantos o presente edital virem, ou dele conhecimento tiverem, que a partir das 10:00h do dia 16 \u00a0de maio de 2019, na Prefeitura Municipal na [&hellip;]<\/p>\n","protected":false},"author":96,"featured_media":0,"comment_status":"closed","ping_status":"closed","sticky":false,"template":"","format":"standard","meta":{"footnotes":""},"categories":[307],"tags":[],"class_list":["post-139358","post","type-post","status-publish","format-standard","hentry","category-editais"],"_links":{"self":[{"href":"https:\/\/diarioregionaldigital.com.br\/index.php?rest_route=\/wp\/v2\/posts\/139358","targetHints":{"allow":["GET"]}}],"collection":[{"href":"https:\/\/diarioregionaldigital.com.br\/index.php?rest_route=\/wp\/v2\/posts"}],"about":[{"href":"https:\/\/diarioregionaldigital.com.br\/index.php?rest_route=\/wp\/v2\/types\/post"}],"author":[{"embeddable":true,"href":"https:\/\/diarioregionaldigital.com.br\/index.php?rest_route=\/wp\/v2\/users\/96"}],"replies":[{"embeddable":true,"href":"https:\/\/diarioregionaldigital.com.br\/index.php?rest_route=%2Fwp%2Fv2%2Fcomments&post=139358"}],"version-history":[{"count":0,"href":"https:\/\/diarioregionaldigital.com.br\/index.php?rest_route=\/wp\/v2\/posts\/139358\/revisions"}],"wp:attachment":[{"href":"https:\/\/diarioregionaldigital.com.br\/index.php?rest_route=%2Fwp%2Fv2%2Fmedia&parent=139358"}],"wp:term":[{"taxonomy":"category","embeddable":true,"href":"https:\/\/diarioregionaldigital.com.br\/index.php?rest_route=%2Fwp%2Fv2%2Fcategories&post=139358"},{"taxonomy":"post_tag","embeddable":true,"href":"https:\/\/diarioregionaldigital.com.br\/index.php?rest_route=%2Fwp%2Fv2%2Ftags&post=139358"}],"curies":[{"name":"wp","href":"https:\/\/api.w.org\/{rel}","templated":true}]}}