{"id":139356,"date":"2019-05-03T06:00:58","date_gmt":"2019-05-03T09:00:58","guid":{"rendered":"https:\/\/diarioregionaldigital.com.br\/?p=139356"},"modified":"2019-05-02T18:32:38","modified_gmt":"2019-05-02T21:32:38","slug":"prefeitura-municipal-de-descoberto-03-05-19","status":"publish","type":"post","link":"https:\/\/diarioregionaldigital.com.br\/?p=139356","title":{"rendered":"Prefeitura Municipal de Descoberto &#8211; 03\/05\/19"},"content":{"rendered":"<p style=\"text-align: center;\"><strong>EXTRATO DE CONTRATO<\/strong><\/p>\n<p style=\"text-align: center;\">Pref. Municipal de Descoberto x Posto Brotinho Ltda \u2013 Aquisi\u00e7\u00e3o de combust\u00edvel \u2013 Fundamento: Inexigibilidade \u00a0n\u00ba 003\/2019\u00a0 &#8211;\u00a0 Valor Global: 363.272,30 &#8211; Vig\u00eancia: 03 meses-\u00a0 Dot or\u00e7: 02.06000.15.122.0002.202-339030\/100- 02.01000.04.122.0002.202-339030\/100- 02.02000.04.122.0002.218-339030\/100- 02.02000.181.0002.223-339030\/100- 02.08000.08.244.0012.237-339030\/100- 02.04002.12.361.0003.256-339030\/100- 02.05002.10.301.0004.2895-339030\/100- Ass: 30\/04\/2019 &#8211; Foro: S\u00e3o Jo\u00e3o Nepomuceno\/MG.<\/p>\n<p style=\"text-align: center;\"><strong>Marcos de Ara\u00fajo Lima<\/strong><\/p>\n<p style=\"text-align: center;\"><strong>Prefeito Municipal<\/strong><\/p>\n","protected":false},"excerpt":{"rendered":"<p>EXTRATO DE CONTRATO Pref. Municipal de Descoberto x Posto Brotinho Ltda \u2013 Aquisi\u00e7\u00e3o de combust\u00edvel \u2013 Fundamento: Inexigibilidade \u00a0n\u00ba 003\/2019\u00a0 &#8211;\u00a0 Valor Global: 363.272,30 &#8211; Vig\u00eancia: 03 meses-\u00a0 Dot or\u00e7: 02.06000.15.122.0002.202-339030\/100- 02.01000.04.122.0002.202-339030\/100- 02.02000.04.122.0002.218-339030\/100- 02.02000.181.0002.223-339030\/100- 02.08000.08.244.0012.237-339030\/100- 02.04002.12.361.0003.256-339030\/100- 02.05002.10.301.0004.2895-339030\/100- Ass: 30\/04\/2019 &#8211; Foro: S\u00e3o Jo\u00e3o Nepomuceno\/MG. Marcos de Ara\u00fajo Lima Prefeito Municipal<\/p>\n","protected":false},"author":96,"featured_media":0,"comment_status":"closed","ping_status":"closed","sticky":false,"template":"","format":"standard","meta":{"footnotes":""},"categories":[307],"tags":[],"class_list":["post-139356","post","type-post","status-publish","format-standard","hentry","category-editais"],"_links":{"self":[{"href":"https:\/\/diarioregionaldigital.com.br\/index.php?rest_route=\/wp\/v2\/posts\/139356","targetHints":{"allow":["GET"]}}],"collection":[{"href":"https:\/\/diarioregionaldigital.com.br\/index.php?rest_route=\/wp\/v2\/posts"}],"about":[{"href":"https:\/\/diarioregionaldigital.com.br\/index.php?rest_route=\/wp\/v2\/types\/post"}],"author":[{"embeddable":true,"href":"https:\/\/diarioregionaldigital.com.br\/index.php?rest_route=\/wp\/v2\/users\/96"}],"replies":[{"embeddable":true,"href":"https:\/\/diarioregionaldigital.com.br\/index.php?rest_route=%2Fwp%2Fv2%2Fcomments&post=139356"}],"version-history":[{"count":0,"href":"https:\/\/diarioregionaldigital.com.br\/index.php?rest_route=\/wp\/v2\/posts\/139356\/revisions"}],"wp:attachment":[{"href":"https:\/\/diarioregionaldigital.com.br\/index.php?rest_route=%2Fwp%2Fv2%2Fmedia&parent=139356"}],"wp:term":[{"taxonomy":"category","embeddable":true,"href":"https:\/\/diarioregionaldigital.com.br\/index.php?rest_route=%2Fwp%2Fv2%2Fcategories&post=139356"},{"taxonomy":"post_tag","embeddable":true,"href":"https:\/\/diarioregionaldigital.com.br\/index.php?rest_route=%2Fwp%2Fv2%2Ftags&post=139356"}],"curies":[{"name":"wp","href":"https:\/\/api.w.org\/{rel}","templated":true}]}}