{"id":139350,"date":"2019-05-03T06:00:44","date_gmt":"2019-05-03T09:00:44","guid":{"rendered":"https:\/\/diarioregionaldigital.com.br\/?p=139350"},"modified":"2019-05-02T18:26:23","modified_gmt":"2019-05-02T21:26:23","slug":"falha-humana","status":"publish","type":"post","link":"https:\/\/diarioregionaldigital.com.br\/?p=139350","title":{"rendered":"Falha Humana"},"content":{"rendered":"<p style=\"text-align: center;\"><strong>Ficha Suja<\/strong><\/p>\n<p style=\"text-align: center;\">Em Juiz de Fora, quem n\u00e3o atender \u00e0s normas da Lei da Ficha Limpa n\u00e3o poder\u00e1 ser nomeado para cargos comissionados da prefeitura. A medida moralizadora faz parte da reestrutura\u00e7\u00e3o administrativa do munic\u00edpio, com a finalidade de garantir a probidade da administra\u00e7\u00e3o.<\/p>\n<p style=\"text-align: center;\"><strong>Falha Humana<\/strong><\/p>\n<p style=\"text-align: center;\">A seguran\u00e7a no voo de pequenas aeronaves voltou a ficar em evid\u00eancia ap\u00f3s a queda de um monomotor no bairro Cai\u00e7ara, regi\u00e3o Noroeste de Belo Horizonte, que resultou na morte do piloto. O pa\u00eds j\u00e1 registra 54 acidentes desse tipo somente neste ano. Problemas operacionais de manuten\u00e7\u00e3o e neglig\u00eancia \u00e0s condi\u00e7\u00f5es meteorol\u00f3gicas s\u00e3o as principais causas de acidentes com esses modelos de avi\u00e3o.<\/p>\n<div id=\"attachment_139330\" style=\"width: 690px\" class=\"wp-caption aligncenter\"><img loading=\"lazy\" decoding=\"async\" aria-describedby=\"caption-attachment-139330\" class=\"wp-image-139330\" src=\"https:\/\/diarioregionaldigital.com.br\/wp-content\/uploads\/2019\/05\/fotoa-e1556831768451.jpg\" alt=\"\" width=\"680\" height=\"550\" srcset=\"https:\/\/diarioregionaldigital.com.br\/wp-content\/uploads\/2019\/05\/fotoa-e1556831768451.jpg 1172w, https:\/\/diarioregionaldigital.com.br\/wp-content\/uploads\/2019\/05\/fotoa-e1556831768451-300x243.jpg 300w, https:\/\/diarioregionaldigital.com.br\/wp-content\/uploads\/2019\/05\/fotoa-e1556831768451-768x621.jpg 768w, https:\/\/diarioregionaldigital.com.br\/wp-content\/uploads\/2019\/05\/fotoa-e1556831768451-1024x828.jpg 1024w, https:\/\/diarioregionaldigital.com.br\/wp-content\/uploads\/2019\/05\/fotoa-e1556831768451-360x291.jpg 360w\" sizes=\"auto, (max-width: 680px) 100vw, 680px\" \/><p id=\"caption-attachment-139330\" class=\"wp-caption-text\">Nosso bel\u00edssimo modelo Luan Ottoni Lokerboll mostra o charme da moda outono inverno para 4Live!<\/p><\/div>\n<div id=\"attachment_139331\" style=\"width: 690px\" class=\"wp-caption aligncenter\"><img loading=\"lazy\" decoding=\"async\" aria-describedby=\"caption-attachment-139331\" class=\"wp-image-139331\" src=\"https:\/\/diarioregionaldigital.com.br\/wp-content\/uploads\/2019\/05\/fotoaa-e1556831802105.jpg\" alt=\"\" width=\"680\" height=\"516\" srcset=\"https:\/\/diarioregionaldigital.com.br\/wp-content\/uploads\/2019\/05\/fotoaa-e1556831802105.jpg 960w, https:\/\/diarioregionaldigital.com.br\/wp-content\/uploads\/2019\/05\/fotoaa-e1556831802105-300x228.jpg 300w, https:\/\/diarioregionaldigital.com.br\/wp-content\/uploads\/2019\/05\/fotoaa-e1556831802105-768x583.jpg 768w, https:\/\/diarioregionaldigital.com.br\/wp-content\/uploads\/2019\/05\/fotoaa-e1556831802105-360x273.jpg 360w\" sizes=\"auto, (max-width: 680px) 100vw, 680px\" \/><p id=\"caption-attachment-139331\" class=\"wp-caption-text\">Os lindos L\u00e9o Miroudo e Gaby Dumila, curtindo f\u00e9rias, em B\u00fazios<\/p><\/div>\n<div id=\"attachment_139332\" style=\"width: 690px\" class=\"wp-caption aligncenter\"><img loading=\"lazy\" decoding=\"async\" aria-describedby=\"caption-attachment-139332\" class=\"wp-image-139332\" src=\"https:\/\/diarioregionaldigital.com.br\/wp-content\/uploads\/2019\/05\/fotob.jpg\" alt=\"\" width=\"680\" height=\"455\" srcset=\"https:\/\/diarioregionaldigital.com.br\/wp-content\/uploads\/2019\/05\/fotob.jpg 1758w, https:\/\/diarioregionaldigital.com.br\/wp-content\/uploads\/2019\/05\/fotob-300x201.jpg 300w, https:\/\/diarioregionaldigital.com.br\/wp-content\/uploads\/2019\/05\/fotob-768x514.jpg 768w, https:\/\/diarioregionaldigital.com.br\/wp-content\/uploads\/2019\/05\/fotob-1024x685.jpg 1024w, https:\/\/diarioregionaldigital.com.br\/wp-content\/uploads\/2019\/05\/fotob-360x241.jpg 360w\" sizes=\"auto, (max-width: 680px) 100vw, 680px\" \/><p id=\"caption-attachment-139332\" class=\"wp-caption-text\">Teatrando com os lindos, Pedro Weber, Girlaine Weber, o mega-star Matheus Jeronymo e Patr\u00edcia Jeronymo<\/p><\/div>\n<div id=\"attachment_139333\" style=\"width: 690px\" class=\"wp-caption aligncenter\"><img loading=\"lazy\" decoding=\"async\" aria-describedby=\"caption-attachment-139333\" class=\"wp-image-139333\" src=\"https:\/\/diarioregionaldigital.com.br\/wp-content\/uploads\/2019\/05\/fotoc-e1556831827855.jpg\" alt=\"\" width=\"680\" height=\"476\" srcset=\"https:\/\/diarioregionaldigital.com.br\/wp-content\/uploads\/2019\/05\/fotoc-e1556831827855.jpg 1680w, https:\/\/diarioregionaldigital.com.br\/wp-content\/uploads\/2019\/05\/fotoc-e1556831827855-300x210.jpg 300w, https:\/\/diarioregionaldigital.com.br\/wp-content\/uploads\/2019\/05\/fotoc-e1556831827855-768x538.jpg 768w, https:\/\/diarioregionaldigital.com.br\/wp-content\/uploads\/2019\/05\/fotoc-e1556831827855-1024x717.jpg 1024w, https:\/\/diarioregionaldigital.com.br\/wp-content\/uploads\/2019\/05\/fotoc-e1556831827855-360x252.jpg 360w, https:\/\/diarioregionaldigital.com.br\/wp-content\/uploads\/2019\/05\/fotoc-e1556831827855-100x70.jpg 100w\" sizes=\"auto, (max-width: 680px) 100vw, 680px\" \/><p id=\"caption-attachment-139333\" class=\"wp-caption-text\">Em noite de sambinha leve no Restaurante Pal\u00e1cio, Henrique e Lisiane Hargreaves, William Torga e Maira Delgado<\/p><\/div>\n<div id=\"attachment_139334\" style=\"width: 690px\" class=\"wp-caption aligncenter\"><img loading=\"lazy\" decoding=\"async\" aria-describedby=\"caption-attachment-139334\" class=\"wp-image-139334\" src=\"https:\/\/diarioregionaldigital.com.br\/wp-content\/uploads\/2019\/05\/fotod-e1556832030974.jpg\" alt=\"\" width=\"680\" height=\"465\" srcset=\"https:\/\/diarioregionaldigital.com.br\/wp-content\/uploads\/2019\/05\/fotod-e1556832030974.jpg 1628w, https:\/\/diarioregionaldigital.com.br\/wp-content\/uploads\/2019\/05\/fotod-e1556832030974-300x205.jpg 300w, https:\/\/diarioregionaldigital.com.br\/wp-content\/uploads\/2019\/05\/fotod-e1556832030974-768x525.jpg 768w, https:\/\/diarioregionaldigital.com.br\/wp-content\/uploads\/2019\/05\/fotod-e1556832030974-1024x700.jpg 1024w, https:\/\/diarioregionaldigital.com.br\/wp-content\/uploads\/2019\/05\/fotod-e1556832030974-360x246.jpg 360w\" sizes=\"auto, (max-width: 680px) 100vw, 680px\" \/><p id=\"caption-attachment-139334\" class=\"wp-caption-text\">Festejando os 25 anos do Clube C\u00edrculo Militar a fam\u00edlia Franco Lima com: Lucas, Maria Aparecida, J\u00falio Cezar e Luan<\/p><\/div>\n<div id=\"attachment_139335\" style=\"width: 690px\" class=\"wp-caption aligncenter\"><img loading=\"lazy\" decoding=\"async\" aria-describedby=\"caption-attachment-139335\" class=\"wp-image-139335\" src=\"https:\/\/diarioregionaldigital.com.br\/wp-content\/uploads\/2019\/05\/fotoe-e1556831881761.jpg\" alt=\"\" width=\"680\" height=\"463\" srcset=\"https:\/\/diarioregionaldigital.com.br\/wp-content\/uploads\/2019\/05\/fotoe-e1556831881761.jpg 1221w, https:\/\/diarioregionaldigital.com.br\/wp-content\/uploads\/2019\/05\/fotoe-e1556831881761-300x204.jpg 300w, https:\/\/diarioregionaldigital.com.br\/wp-content\/uploads\/2019\/05\/fotoe-e1556831881761-768x523.jpg 768w, https:\/\/diarioregionaldigital.com.br\/wp-content\/uploads\/2019\/05\/fotoe-e1556831881761-1024x698.jpg 1024w, https:\/\/diarioregionaldigital.com.br\/wp-content\/uploads\/2019\/05\/fotoe-e1556831881761-360x245.jpg 360w\" sizes=\"auto, (max-width: 680px) 100vw, 680px\" \/><p id=\"caption-attachment-139335\" class=\"wp-caption-text\">Jovens de JF no Itanhang\u00e1 Golf Clube (Rio) Victor e Felipe Delage<\/p><\/div>\n<div id=\"attachment_139336\" style=\"width: 690px\" class=\"wp-caption aligncenter\"><img loading=\"lazy\" decoding=\"async\" aria-describedby=\"caption-attachment-139336\" class=\"wp-image-139336\" src=\"https:\/\/diarioregionaldigital.com.br\/wp-content\/uploads\/2019\/05\/fotof-e1556831910180.jpg\" alt=\"\" width=\"680\" height=\"451\" srcset=\"https:\/\/diarioregionaldigital.com.br\/wp-content\/uploads\/2019\/05\/fotof-e1556831910180.jpg 1675w, https:\/\/diarioregionaldigital.com.br\/wp-content\/uploads\/2019\/05\/fotof-e1556831910180-300x199.jpg 300w, https:\/\/diarioregionaldigital.com.br\/wp-content\/uploads\/2019\/05\/fotof-e1556831910180-768x509.jpg 768w, https:\/\/diarioregionaldigital.com.br\/wp-content\/uploads\/2019\/05\/fotof-e1556831910180-1024x679.jpg 1024w, https:\/\/diarioregionaldigital.com.br\/wp-content\/uploads\/2019\/05\/fotof-e1556831910180-360x239.jpg 360w\" sizes=\"auto, (max-width: 680px) 100vw, 680px\" \/><p id=\"caption-attachment-139336\" class=\"wp-caption-text\">Esnobando eleg\u00e2ncia no Itanhanga Golf Clube, os cariocas Mario e Lize Moreira<\/p><\/div>\n<p>&nbsp;<\/p>\n<div id=\"attachment_139337\" style=\"width: 690px\" class=\"wp-caption aligncenter\"><img loading=\"lazy\" decoding=\"async\" aria-describedby=\"caption-attachment-139337\" class=\"wp-image-139337\" src=\"https:\/\/diarioregionaldigital.com.br\/wp-content\/uploads\/2019\/05\/fotog-e1556831932308.jpg\" alt=\"\" width=\"680\" height=\"501\" srcset=\"https:\/\/diarioregionaldigital.com.br\/wp-content\/uploads\/2019\/05\/fotog-e1556831932308.jpg 1177w, https:\/\/diarioregionaldigital.com.br\/wp-content\/uploads\/2019\/05\/fotog-e1556831932308-300x221.jpg 300w, https:\/\/diarioregionaldigital.com.br\/wp-content\/uploads\/2019\/05\/fotog-e1556831932308-768x566.jpg 768w, https:\/\/diarioregionaldigital.com.br\/wp-content\/uploads\/2019\/05\/fotog-e1556831932308-1024x755.jpg 1024w, https:\/\/diarioregionaldigital.com.br\/wp-content\/uploads\/2019\/05\/fotog-e1556831932308-360x265.jpg 360w\" sizes=\"auto, (max-width: 680px) 100vw, 680px\" \/><p id=\"caption-attachment-139337\" class=\"wp-caption-text\">Na feijoada da Mangueira (Rio), as p\u00e9rolas negras Ivanir Ferreira e Evelyn Bastos<\/p><\/div>\n<div id=\"attachment_139338\" style=\"width: 690px\" class=\"wp-caption aligncenter\"><img loading=\"lazy\" decoding=\"async\" aria-describedby=\"caption-attachment-139338\" class=\"wp-image-139338\" src=\"https:\/\/diarioregionaldigital.com.br\/wp-content\/uploads\/2019\/05\/fotoh-e1556831963121.jpg\" alt=\"\" width=\"680\" height=\"545\" srcset=\"https:\/\/diarioregionaldigital.com.br\/wp-content\/uploads\/2019\/05\/fotoh-e1556831963121.jpg 1176w, https:\/\/diarioregionaldigital.com.br\/wp-content\/uploads\/2019\/05\/fotoh-e1556831963121-300x241.jpg 300w, https:\/\/diarioregionaldigital.com.br\/wp-content\/uploads\/2019\/05\/fotoh-e1556831963121-768x616.jpg 768w, https:\/\/diarioregionaldigital.com.br\/wp-content\/uploads\/2019\/05\/fotoh-e1556831963121-1024x821.jpg 1024w, https:\/\/diarioregionaldigital.com.br\/wp-content\/uploads\/2019\/05\/fotoh-e1556831963121-360x289.jpg 360w\" sizes=\"auto, (max-width: 680px) 100vw, 680px\" \/><p id=\"caption-attachment-139338\" class=\"wp-caption-text\">Reencontro de amigos em Salvador (BA), Regina Monteiro e Bruno Larrubia<\/p><\/div>\n<div id=\"attachment_139340\" style=\"width: 690px\" class=\"wp-caption aligncenter\"><img loading=\"lazy\" decoding=\"async\" aria-describedby=\"caption-attachment-139340\" class=\"wp-image-139340\" src=\"https:\/\/diarioregionaldigital.com.br\/wp-content\/uploads\/2019\/05\/fotoj-e1556831984119.jpg\" alt=\"\" width=\"680\" height=\"474\" srcset=\"https:\/\/diarioregionaldigital.com.br\/wp-content\/uploads\/2019\/05\/fotoj-e1556831984119.jpg 1683w, https:\/\/diarioregionaldigital.com.br\/wp-content\/uploads\/2019\/05\/fotoj-e1556831984119-300x210.jpg 300w, https:\/\/diarioregionaldigital.com.br\/wp-content\/uploads\/2019\/05\/fotoj-e1556831984119-768x535.jpg 768w, https:\/\/diarioregionaldigital.com.br\/wp-content\/uploads\/2019\/05\/fotoj-e1556831984119-1024x714.jpg 1024w, https:\/\/diarioregionaldigital.com.br\/wp-content\/uploads\/2019\/05\/fotoj-e1556831984119-360x251.jpg 360w, https:\/\/diarioregionaldigital.com.br\/wp-content\/uploads\/2019\/05\/fotoj-e1556831984119-100x70.jpg 100w\" sizes=\"auto, (max-width: 680px) 100vw, 680px\" \/><p id=\"caption-attachment-139340\" class=\"wp-caption-text\">Lendas vivas da sociedade de JF, Fabiana Ballesteros J\u00falio Zanini e Elin\u00e9lia Juc\u00e1<\/p><\/div>\n<p style=\"text-align: center;\"><strong>FOTOSS\u00cdNTESE<\/strong><\/p>\n<p>Regressando felizes a Juiz de Fora, o coordenador e professor Washington Irrazabal Bohorquez e a equipe Supernova Rocketry (de foguetemodelismo da UFJF). Em Curitiba (PR) participaram do Festival Brasileiro de Minifoguetes.<\/p>\n<p>Aten\u00e7\u00e3o: todo cuidado \u00e9 pouco e conforme dados da Secretaria de Sa\u00fade (PJF), at\u00e9 o momento, 870 casos de dengue e 141 de Chikungunya foram confirmados em Juiz de Fora. O total de arboviroses \u00e9 de 1.011 registrados. Queremos o carro fumac\u00ea j\u00e1!<\/p>\n<p>Goian\u00e1 (MG) recebe, nos dias 4 e 5 de maio, o evento de Bikeligtht MTB 2019 Brasil Challenge Internacional. Apoio da Prefeitura de Goian\u00e1 tendo como Hotel Oficial e Coqueiro Parc Hotel.<\/p>\n<p>Gabriela Fernandes e Get\u00falio Sartori est\u00e3o ansiosos esperando a chegada da cegonha. Enquanto isto, as 2 lojas da Amor Expresso na Galeria Bruno Barbosa est\u00e1 com lindas novidades para o Dia das M\u00e3es.<\/p>\n<p>Enquanto o inverno n\u00e3o chega, o bartender e diretor do Atelier Frinks serve bebidas finas pelos 4 cantos da cidade. Para solicitar: (32) 98827-5804, e procure Matheus Wenzel.<\/p>\n<p>Causando efeito bomb\u00e1stico, as maquiagens e design de sobrancelhas do \u2018expert\u2019 Lisandro Reis. S\u00e3o efeitos m\u00e1gicos produzidos no Sal\u00e3o MS, na rua Esp\u00edrito Santo.<\/p>\n<p>Com Maison localizada na rua Halfeld, 763, 4\u00ba andar, sala 57, o Arm\u00e1rio de Aluguel tem tudo para vestidos, melhores pre\u00e7os. Agende uma visita e leve seu vestido e fa\u00e7a uma renda extra. Fone: 98835-5271.<\/p>\n<p>Para evoluir: Seja ambicioso, mas n\u00e3o ganancioso. Bom dia!<\/p>\n<p>Aviso: siga esta coluna no Instagram (colunista Eduardo Gomes).<\/p>\n<p><img loading=\"lazy\" decoding=\"async\" class=\"aligncenter size-full wp-image-139351\" src=\"https:\/\/diarioregionaldigital.com.br\/wp-content\/uploads\/2019\/05\/anuncio-5.jpg\" alt=\"\" width=\"1746\" height=\"545\" srcset=\"https:\/\/diarioregionaldigital.com.br\/wp-content\/uploads\/2019\/05\/anuncio-5.jpg 1746w, https:\/\/diarioregionaldigital.com.br\/wp-content\/uploads\/2019\/05\/anuncio-5-300x94.jpg 300w, https:\/\/diarioregionaldigital.com.br\/wp-content\/uploads\/2019\/05\/anuncio-5-768x240.jpg 768w, https:\/\/diarioregionaldigital.com.br\/wp-content\/uploads\/2019\/05\/anuncio-5-1024x320.jpg 1024w, https:\/\/diarioregionaldigital.com.br\/wp-content\/uploads\/2019\/05\/anuncio-5-360x112.jpg 360w\" sizes=\"auto, (max-width: 1746px) 100vw, 1746px\" \/><\/p>\n","protected":false},"excerpt":{"rendered":"<p>Ficha Suja Em Juiz de Fora, quem n\u00e3o atender \u00e0s normas da Lei da Ficha Limpa n\u00e3o poder\u00e1 ser nomeado para cargos comissionados da prefeitura. A medida moralizadora faz parte da reestrutura\u00e7\u00e3o administrativa do munic\u00edpio, com a finalidade de garantir a probidade da administra\u00e7\u00e3o. Falha Humana A seguran\u00e7a no voo de pequenas aeronaves voltou a [&hellip;]<\/p>\n","protected":false},"author":96,"featured_media":139330,"comment_status":"closed","ping_status":"closed","sticky":false,"template":"","format":"standard","meta":{"footnotes":""},"categories":[264],"tags":[],"class_list":["post-139350","post","type-post","status-publish","format-standard","has-post-thumbnail","hentry","category-eduardo-gomes"],"_links":{"self":[{"href":"https:\/\/diarioregionaldigital.com.br\/index.php?rest_route=\/wp\/v2\/posts\/139350","targetHints":{"allow":["GET"]}}],"collection":[{"href":"https:\/\/diarioregionaldigital.com.br\/index.php?rest_route=\/wp\/v2\/posts"}],"about":[{"href":"https:\/\/diarioregionaldigital.com.br\/index.php?rest_route=\/wp\/v2\/types\/post"}],"author":[{"embeddable":true,"href":"https:\/\/diarioregionaldigital.com.br\/index.php?rest_route=\/wp\/v2\/users\/96"}],"replies":[{"embeddable":true,"href":"https:\/\/diarioregionaldigital.com.br\/index.php?rest_route=%2Fwp%2Fv2%2Fcomments&post=139350"}],"version-history":[{"count":0,"href":"https:\/\/diarioregionaldigital.com.br\/index.php?rest_route=\/wp\/v2\/posts\/139350\/revisions"}],"wp:featuredmedia":[{"embeddable":true,"href":"https:\/\/diarioregionaldigital.com.br\/index.php?rest_route=\/wp\/v2\/media\/139330"}],"wp:attachment":[{"href":"https:\/\/diarioregionaldigital.com.br\/index.php?rest_route=%2Fwp%2Fv2%2Fmedia&parent=139350"}],"wp:term":[{"taxonomy":"category","embeddable":true,"href":"https:\/\/diarioregionaldigital.com.br\/index.php?rest_route=%2Fwp%2Fv2%2Fcategories&post=139350"},{"taxonomy":"post_tag","embeddable":true,"href":"https:\/\/diarioregionaldigital.com.br\/index.php?rest_route=%2Fwp%2Fv2%2Ftags&post=139350"}],"curies":[{"name":"wp","href":"https:\/\/api.w.org\/{rel}","templated":true}]}}