{"id":139323,"date":"2019-05-02T15:36:17","date_gmt":"2019-05-02T18:36:17","guid":{"rendered":"https:\/\/diarioregionaldigital.com.br\/?p=139323"},"modified":"2019-05-03T14:12:24","modified_gmt":"2019-05-03T17:12:24","slug":"ufjf-anuncia-decisao-de-retirar-onca-pintada-do-jardim-botanico","status":"publish","type":"post","link":"https:\/\/diarioregionaldigital.com.br\/?p=139323","title":{"rendered":"UFJF anuncia decis\u00e3o de retirar on\u00e7a-pintada do Jardim Bot\u00e2nico"},"content":{"rendered":"<p>A Comiss\u00e3o Interinstitucional organizada para coordenar as a\u00e7\u00f5es sobre o aparecimento da on\u00e7a-pintada no Jardim Bot\u00e2nico da Universidade Federal de Juiz de Fora (UFJF) decidiu que o felino deve ser transferido para outro local.<\/p>\n<p>A informa\u00e7\u00e3o sobre a decis\u00e3o de de capturar e translocar o animal para \u00e1rea adequada foi divulgada nesta quinta-feira, 2, em entrevista \u00e0 imprensa, com 11 dos representantes de sete institui\u00e7\u00f5es que comp\u00f5em o comit\u00ea. Uma equipe do Cenap (Centro Nacional de Pesquisa e Conserva\u00e7\u00e3o de Mam\u00edferos Carn\u00edvoros)\u00a0saiu \u00e0s 10h, de Atibaia (SP), com destino a Juiz de Fora, com equipamentos necess\u00e1rios para iniciar o processo de captura da on\u00e7a-pintada.<\/p>\n<p>A decis\u00e3o foi tomada ap\u00f3s ser divulgado um v\u00eddeo da c\u00e2mera de seguran\u00e7a de um hotel na Avenida Brasil, ao lado da Rodovi\u00e1ria, que registrou imagens da on\u00e7a-pintada circulando em frente a portaria do hotel, \u00e0s 2h30 do dia 26 de abril. Conforme a UFJF, para ter acesso \u00e0 \u00e1rea, o felino teve de cruzar o rio Paraibuna e a avenida, correndo risco de atropelamento e de incidentes.<\/p>\n<div id=\"attachment_139326\" style=\"width: 505px\" class=\"wp-caption aligncenter\"><img loading=\"lazy\" decoding=\"async\" aria-describedby=\"caption-attachment-139326\" class=\" wp-image-139326\" src=\"https:\/\/diarioregionaldigital.com.br\/wp-content\/uploads\/2019\/05\/Pedro-Nobre_-UFJF-usar-essa-2-300x211.jpg\" alt=\"\" width=\"495\" height=\"348\" srcset=\"https:\/\/diarioregionaldigital.com.br\/wp-content\/uploads\/2019\/05\/Pedro-Nobre_-UFJF-usar-essa-2-300x210.jpg 300w, https:\/\/diarioregionaldigital.com.br\/wp-content\/uploads\/2019\/05\/Pedro-Nobre_-UFJF-usar-essa-2-360x253.jpg 360w, https:\/\/diarioregionaldigital.com.br\/wp-content\/uploads\/2019\/05\/Pedro-Nobre_-UFJF-usar-essa-2-100x70.jpg 100w, https:\/\/diarioregionaldigital.com.br\/wp-content\/uploads\/2019\/05\/Pedro-Nobre_-UFJF-usar-essa-2.jpg 537w\" sizes=\"auto, (max-width: 495px) 100vw, 495px\" \/><p id=\"caption-attachment-139326\" class=\"wp-caption-text\">Conforme a UFJF, caso a on\u00e7a-pintada seja avistado e em situa\u00e7\u00f5es de emerg\u00eancia, moradores podem acionar a Companhia pelos telefones 190 e 3228-9050 e o Corpo de Bombeiros pelo 193. Foto: Divulga\u00e7\u00e3o\/Pedro Nobre\/UFJF<\/p><\/div>\n<p><strong>Monitoramento<\/strong><\/p>\n<p>O animal, raro e amea\u00e7ado de extin\u00e7\u00e3o, foi avistado por vigilante do Jardim Bot\u00e2nico, na noite do dia 25 de abril, em torno das 22h. Na sexta-feira, 26, a Universidade Federal de Juiz de Fora anunciou o fechamento tempor\u00e1rio do Jardim Bot\u00e2nico,\u00a0inaugurado no \u00faltimo dia 12 do mesmo m\u00eas. Conforme a institui\u00e7\u00e3o, pelo menos, h\u00e1 80 anos n\u00e3o h\u00e1 registro do animal na Zona da Mata mineira.<\/p>\n<p>Ap\u00f3s tomar conhecimento da presen\u00e7a do animal do Jardim, uma comiss\u00e3o foi criada para definir a\u00e7\u00f5es sobre o monitoramento do animal, com representantes da UFJF &#8211; Pr\u00f3-reitoria de Extens\u00e3o, Jardim Bot\u00e2nico, Departamento de Zoologia do Instituto de Ci\u00eancias Biol\u00f3gicas, Col\u00e9gio de Aplica\u00e7\u00e3o Jo\u00e3o XXIII e Diretoria de Imagem Institucional; da Prefeitura de Juiz de Fora &#8211; Secretaria de Meio Ambiente e Ordenamento Urbano e Secretaria de Comunica\u00e7\u00e3o Social; do Instituto Brasileiro do Meio Ambiente e dos Recursos Naturais Renov\u00e1veis (Ibama); do Instituto Estadual de Florestas (IEF) &#8211;\u00a0 Centro de Triagem de Animais Silvestres (Cetas); da Companhia de Pol\u00edcia Militar de Meio Ambiente; do Corpo de Bombeiros; e Ex\u00e9rcito Brasileiro &#8211; Campo de Instru\u00e7\u00f5es em Juiz de Fora.<\/p>\n<p>Na segunda-feira, 29 de abril, a UFJF divulgou novas imagens da on\u00e7a-pintada capturadas pelas armadilhas fotogr\u00e1ficas instaladas no Jardim Bot\u00e2nico. Ao todo, s\u00e3o sete c\u00e2meras instaladas no Jardim, que, segundo a institui\u00e7\u00e3o, tem o objetivo de obter o maior n\u00famero de dados poss\u00edvel, tra\u00e7ar rotas e conhecer os h\u00e1bitos do animal.<\/p>\n<p>Conforme a UFJF, caso a on\u00e7a-pintada seja avistado e em situa\u00e7\u00f5es de emerg\u00eancia, moradores podem acionar a Companhia pelos telefones 190 e 3228-9050 e o Corpo de Bombeiros pelo 193.<\/p>\n","protected":false},"excerpt":{"rendered":"<p>A Comiss\u00e3o Interinstitucional organizada para coordenar as a\u00e7\u00f5es sobre o aparecimento da on\u00e7a-pintada no Jardim Bot\u00e2nico da Universidade Federal de Juiz de Fora (UFJF) decidiu que o felino deve ser transferido para outro local. A informa\u00e7\u00e3o sobre a decis\u00e3o de de capturar e translocar o animal para \u00e1rea adequada foi divulgada nesta quinta-feira, 2, em [&hellip;]<\/p>\n","protected":false},"author":96,"featured_media":139324,"comment_status":"closed","ping_status":"closed","sticky":false,"template":"","format":"standard","meta":{"footnotes":""},"categories":[253,436,440,439],"tags":[],"class_list":["post-139323","post","type-post","status-publish","format-standard","has-post-thumbnail","hentry","category-cidade","category-destaque-da-semana","category-destaques-do-dia","category-ultima-hora"],"_links":{"self":[{"href":"https:\/\/diarioregionaldigital.com.br\/index.php?rest_route=\/wp\/v2\/posts\/139323","targetHints":{"allow":["GET"]}}],"collection":[{"href":"https:\/\/diarioregionaldigital.com.br\/index.php?rest_route=\/wp\/v2\/posts"}],"about":[{"href":"https:\/\/diarioregionaldigital.com.br\/index.php?rest_route=\/wp\/v2\/types\/post"}],"author":[{"embeddable":true,"href":"https:\/\/diarioregionaldigital.com.br\/index.php?rest_route=\/wp\/v2\/users\/96"}],"replies":[{"embeddable":true,"href":"https:\/\/diarioregionaldigital.com.br\/index.php?rest_route=%2Fwp%2Fv2%2Fcomments&post=139323"}],"version-history":[{"count":0,"href":"https:\/\/diarioregionaldigital.com.br\/index.php?rest_route=\/wp\/v2\/posts\/139323\/revisions"}],"wp:featuredmedia":[{"embeddable":true,"href":"https:\/\/diarioregionaldigital.com.br\/index.php?rest_route=\/wp\/v2\/media\/139324"}],"wp:attachment":[{"href":"https:\/\/diarioregionaldigital.com.br\/index.php?rest_route=%2Fwp%2Fv2%2Fmedia&parent=139323"}],"wp:term":[{"taxonomy":"category","embeddable":true,"href":"https:\/\/diarioregionaldigital.com.br\/index.php?rest_route=%2Fwp%2Fv2%2Fcategories&post=139323"},{"taxonomy":"post_tag","embeddable":true,"href":"https:\/\/diarioregionaldigital.com.br\/index.php?rest_route=%2Fwp%2Fv2%2Ftags&post=139323"}],"curies":[{"name":"wp","href":"https:\/\/api.w.org\/{rel}","templated":true}]}}