{"id":139322,"date":"2019-05-02T15:35:56","date_gmt":"2019-05-02T18:35:56","guid":{"rendered":"https:\/\/diarioregionaldigital.com.br\/?p=139322"},"modified":"2019-05-02T15:35:56","modified_gmt":"2019-05-02T18:35:56","slug":"olimpiada-de-lingua-portuguesa-tem-inscricoes-prorrogadas","status":"publish","type":"post","link":"https:\/\/diarioregionaldigital.com.br\/?p=139322","title":{"rendered":"Olimp\u00edada de L\u00edngua Portuguesa tem inscri\u00e7\u00f5es prorrogadas"},"content":{"rendered":"<p>O prazo das inscri\u00e7\u00f5es para a sexta edi\u00e7\u00e3o da Olimp\u00edada de L\u00edngua Portuguesa foi prorrogado. Agora, os professores t\u00eam at\u00e9 o dia 13 deste m\u00eas para inscrever os alunos. O concurso de produ\u00e7\u00e3o de textos \u00e9 iniciativa do Minist\u00e9rio da Educa\u00e7\u00e3o e da Funda\u00e7\u00e3o Ita\u00fa Social, com coordena\u00e7\u00e3o t\u00e9cnica do Centro de Estudos e Pesquisas em Educa\u00e7\u00e3o, Cultura e A\u00e7\u00e3o Comunit\u00e1ria (Cenpec).<\/p>\n<p>A competi\u00e7\u00e3o \u00e9 direcionada a alunos do quinto ano do ensino fundamental at\u00e9 o terceiro ano do ensino m\u00e9dio de escolas p\u00fablicas de todo o pa\u00eds. Este ano, o tema das produ\u00e7\u00f5es de texto \u00e9 \u201cO Lugar Onde Vivo\u201d. Os alunos participantes poder\u00e3o estreitar v\u00ednculos com a comunidade onde vivem e aprofundar os conhecimentos com a comunidade local, contribuindo para o desenvolvimento de sua cidadania.<\/p>\n<p><b>A competi\u00e7\u00e3o tem cinco categorias:<\/b><\/p>\n<p>Poema (para os alunos do quinto ano do ensino fundamental);<\/p>\n<p>Mem\u00f3rias liter\u00e1rias (sexto e s\u00e9timo anos);<\/p>\n<p>Cr\u00f4nica (oitavo e nono anos);<\/p>\n<p>Document\u00e1rio (primeiro e segundo anos do ensino m\u00e9dio);<\/p>\n<p>Artigo de opini\u00e3o (terceiro ano do ensino m\u00e9dio).<\/p>\n<p>A novidade da edi\u00e7\u00e3o \u00e9 a categoria \u201cDocument\u00e1rio\u201d, onde os alunos trabalhar\u00e3o em trio no projeto.<\/p>\n<p><b>Ser\u00e3o cinco etapas no concurso:<\/b><\/p>\n<p><b>Escolar:<\/b>\u00a0os alunos ser\u00e3o avaliados por suas escolas e ser\u00e1 selecionado um trabalho por categoria;<\/p>\n<p><b>Municipal:<\/b>\u00a0ser\u00e3o selecionados de um a 15 projetos por categoria;<\/p>\n<p><b>Estadual:<\/b>\u00a0os textos selecionados em suas respectivas se\u00e7\u00f5es representar\u00e3o seu estado na semifinal;<\/p>\n<p><b>Regional (semifinal):<\/b>\u00a0at\u00e9 135 projetos ser\u00e3o escolhidos para a grande final;<\/p>\n<p><b>Nacional (final):<\/b>\u00a0os quatro primeiros colocados em cada categoria ser\u00e3o os vencedores do torneio.<\/p>\n<p>As inscri\u00e7\u00f5es podem ser realizadas atrav\u00e9s do site:\u00a0<a href=\"https:\/\/www.escrevendoofuturo.org.br\/login\">escrevendoofuturo.org.br\/login<\/a>.<\/p>\n<p>&nbsp;<\/p>\n<p>Fonte: PJF<\/p>\n","protected":false},"excerpt":{"rendered":"<p>O prazo das inscri\u00e7\u00f5es para a sexta edi\u00e7\u00e3o da Olimp\u00edada de L\u00edngua Portuguesa foi prorrogado. Agora, os professores t\u00eam at\u00e9 o dia 13 deste m\u00eas para inscrever os alunos. O concurso de produ\u00e7\u00e3o de textos \u00e9 iniciativa do Minist\u00e9rio da Educa\u00e7\u00e3o e da Funda\u00e7\u00e3o Ita\u00fa Social, com coordena\u00e7\u00e3o t\u00e9cnica do Centro de Estudos e Pesquisas [&hellip;]<\/p>\n","protected":false},"author":96,"featured_media":139325,"comment_status":"closed","ping_status":"closed","sticky":false,"template":"","format":"standard","meta":{"footnotes":""},"categories":[253,436,262,439],"tags":[],"class_list":["post-139322","post","type-post","status-publish","format-standard","has-post-thumbnail","hentry","category-cidade","category-destaque-da-semana","category-noticias","category-ultima-hora"],"_links":{"self":[{"href":"https:\/\/diarioregionaldigital.com.br\/index.php?rest_route=\/wp\/v2\/posts\/139322","targetHints":{"allow":["GET"]}}],"collection":[{"href":"https:\/\/diarioregionaldigital.com.br\/index.php?rest_route=\/wp\/v2\/posts"}],"about":[{"href":"https:\/\/diarioregionaldigital.com.br\/index.php?rest_route=\/wp\/v2\/types\/post"}],"author":[{"embeddable":true,"href":"https:\/\/diarioregionaldigital.com.br\/index.php?rest_route=\/wp\/v2\/users\/96"}],"replies":[{"embeddable":true,"href":"https:\/\/diarioregionaldigital.com.br\/index.php?rest_route=%2Fwp%2Fv2%2Fcomments&post=139322"}],"version-history":[{"count":0,"href":"https:\/\/diarioregionaldigital.com.br\/index.php?rest_route=\/wp\/v2\/posts\/139322\/revisions"}],"wp:featuredmedia":[{"embeddable":true,"href":"https:\/\/diarioregionaldigital.com.br\/index.php?rest_route=\/wp\/v2\/media\/139325"}],"wp:attachment":[{"href":"https:\/\/diarioregionaldigital.com.br\/index.php?rest_route=%2Fwp%2Fv2%2Fmedia&parent=139322"}],"wp:term":[{"taxonomy":"category","embeddable":true,"href":"https:\/\/diarioregionaldigital.com.br\/index.php?rest_route=%2Fwp%2Fv2%2Fcategories&post=139322"},{"taxonomy":"post_tag","embeddable":true,"href":"https:\/\/diarioregionaldigital.com.br\/index.php?rest_route=%2Fwp%2Fv2%2Ftags&post=139322"}],"curies":[{"name":"wp","href":"https:\/\/api.w.org\/{rel}","templated":true}]}}