{"id":139310,"date":"2019-05-02T15:06:27","date_gmt":"2019-05-02T18:06:27","guid":{"rendered":"https:\/\/diarioregionaldigital.com.br\/?p=139310"},"modified":"2019-05-02T15:06:27","modified_gmt":"2019-05-02T18:06:27","slug":"avaliacao-da-alfabetizacao-sera-feita-por-amostragem-diz-ministro","status":"publish","type":"post","link":"https:\/\/diarioregionaldigital.com.br\/?p=139310","title":{"rendered":"Avalia\u00e7\u00e3o da alfabetiza\u00e7\u00e3o ser\u00e1 feita por amostragem, diz ministro"},"content":{"rendered":"<p>O Sistema de Avalia\u00e7\u00e3o da Educa\u00e7\u00e3o B\u00e1sica (Saeb) deste ano ter\u00e1 novidades. Os testes de ci\u00eancias da natureza e ci\u00eancias humanas para estudantes do 9\u00ba ano e a avalia\u00e7\u00e3o da alfabetiza\u00e7\u00e3o do\u00a02\u00ba ano do ensino fundamental ser\u00e3o feitos por amostragem.<\/p>\n<p>\u00c9 a primeira vez que os testes de ci\u00eancias s\u00e3o aplicados para estudantes do 9\u00b0 ano. J\u00e1 a avalia\u00e7\u00e3o da alfabetiza\u00e7\u00e3o era aplicada de forma censit\u00e1ria at\u00e9 2016, ou seja, para todos estudantes do 3\u00b0 ano, no per\u00edodo de dois em dois anos, nos anos pares.<\/p>\n<p>Com a aprova\u00e7\u00e3o da Base Nacional Comum Curricular (BNCC), em 2017, e a previs\u00e3o de que os estudantes devem ser alfabetizados at\u00e9 o 2\u00b0 ano, o governo decidiu unificar essa avalia\u00e7\u00e3o com as demais, aplicadas nos anos \u00edmpares. Para tanto, optou por cancelar a avalia\u00e7\u00e3o prevista para 2018, e implement\u00e1-la em 2019 para estudantes do 2\u00ba ano.<\/p>\n<p>No entanto, em vez de aplicar para todos estudantes, como era feito at\u00e9 ent\u00e3o, o Minist\u00e9rio da Educa\u00e7\u00e3o optou por realizar testes por amostragem.<\/p>\n<p>As novidades foram apresentadas nesta quinta-feira, 2, pelo ministro da Educa\u00e7\u00e3o, Abraham Weintraub, e as diretrizes foram publicadas no<em>\u00a0<\/em><u>Di\u00e1rio Oficial da Uni\u00e3o<\/u>.<\/p>\n<p>\u201cO que queremos [por meio do Saeb] \u00e9 saber se as crian\u00e7as est\u00e3o aprendendo no ritmo [adequado]. Por isso faremos uma avalia\u00e7\u00e3o da alfabetiza\u00e7\u00e3o do 2\u00b0 ano do ensino fundamental\u201d, disse o ministro, em entrevista coletiva..<\/p>\n<p>\u201cTemos que pegar [recuperar] a crian\u00e7a que est\u00e1 ficando para tr\u00e1s e medir o que est\u00e1 acontecendo de certo e de errado\u201d, acrescentou.<\/p>\n<p>Segundo Weintraub, o ideal seria fazer a avalia\u00e7\u00e3o com todos os estudantes. \u201cSe eu tivesse plenos poderes, faria universal todos os anos\u201d, disse, ao justificar a pesquisa pela necessidade de o governo cortar gastos.<\/p>\n<p><strong>Saeb<\/strong><\/p>\n<p>O Saeb \u00e9 formado por um conjunto de avalia\u00e7\u00f5es relativas \u00e0 qualidade da educa\u00e7\u00e3o do pa\u00eds, que permitem ao Instituto Nacional de Estudos e Pesquisas Educacionais An\u00edsio Teixeira (Inep) fazer diagn\u00f3sticos sobre educa\u00e7\u00e3o b\u00e1sica do pa\u00eds.<\/p>\n<p>A partir das an\u00e1lises, busca-se identificar fatores que possam interferir no desempenho do estudante, de modo a subsidiar pol\u00edticas p\u00fablicas para o setor. \u00c9 por meio das m\u00e9dias de desempenho do Saeb e de dados sobre aprova\u00e7\u00e3o obtidos no Censo Escolar que se comp\u00f5e o \u00cdndice de Desenvolvimento da Educa\u00e7\u00e3o B\u00e1sica (Ideb).<\/p>\n<p>O or\u00e7amento previsto para avaliar 7 milh\u00f5es de crian\u00e7as \u00e9 de R$ 500 milh\u00f5es. De acordo com o presidente do Instituto Nacional de Estudos e Pesquisas Educacionais An\u00edsio Teixeira (Inep), Elmer Coelho Vicenzi, \u201ca melhoria da educa\u00e7\u00e3o b\u00e1sica \u201cprovoca melhoria imediata na sa\u00fade e na educa\u00e7\u00e3o do pa\u00eds\u201d.<\/p>\n<p>As avalia\u00e7\u00f5es ser\u00e3o aplicadas entre 21 de outubro e 1\u00b0 de novembro em todas as unidades da federa\u00e7\u00e3o, por meio de question\u00e1rios que ser\u00e3o enviados a secretarias estaduais e municipais; diretores, professores e alunos das escolas; profissionais que acompanham estudantes da educa\u00e7\u00e3o especial.<\/p>\n<p>Os resultados estar\u00e3o dispon\u00edveis at\u00e9 dezembro de 2020.<\/p>\n<p>&nbsp;<\/p>\n<p>Fonte: Ag\u00eancia Brasil<\/p>\n","protected":false},"excerpt":{"rendered":"<p>O Sistema de Avalia\u00e7\u00e3o da Educa\u00e7\u00e3o B\u00e1sica (Saeb) deste ano ter\u00e1 novidades. Os testes de ci\u00eancias da natureza e ci\u00eancias humanas para estudantes do 9\u00ba ano e a avalia\u00e7\u00e3o da alfabetiza\u00e7\u00e3o do\u00a02\u00ba ano do ensino fundamental ser\u00e3o feitos por amostragem. \u00c9 a primeira vez que os testes de ci\u00eancias s\u00e3o aplicados para estudantes do 9\u00b0 [&hellip;]<\/p>\n","protected":false},"author":96,"featured_media":139311,"comment_status":"closed","ping_status":"closed","sticky":false,"template":"","format":"standard","meta":{"footnotes":""},"categories":[436,262,254,439],"tags":[],"class_list":["post-139310","post","type-post","status-publish","format-standard","has-post-thumbnail","hentry","category-destaque-da-semana","category-noticias","category-politica","category-ultima-hora"],"_links":{"self":[{"href":"https:\/\/diarioregionaldigital.com.br\/index.php?rest_route=\/wp\/v2\/posts\/139310","targetHints":{"allow":["GET"]}}],"collection":[{"href":"https:\/\/diarioregionaldigital.com.br\/index.php?rest_route=\/wp\/v2\/posts"}],"about":[{"href":"https:\/\/diarioregionaldigital.com.br\/index.php?rest_route=\/wp\/v2\/types\/post"}],"author":[{"embeddable":true,"href":"https:\/\/diarioregionaldigital.com.br\/index.php?rest_route=\/wp\/v2\/users\/96"}],"replies":[{"embeddable":true,"href":"https:\/\/diarioregionaldigital.com.br\/index.php?rest_route=%2Fwp%2Fv2%2Fcomments&post=139310"}],"version-history":[{"count":0,"href":"https:\/\/diarioregionaldigital.com.br\/index.php?rest_route=\/wp\/v2\/posts\/139310\/revisions"}],"wp:featuredmedia":[{"embeddable":true,"href":"https:\/\/diarioregionaldigital.com.br\/index.php?rest_route=\/wp\/v2\/media\/139311"}],"wp:attachment":[{"href":"https:\/\/diarioregionaldigital.com.br\/index.php?rest_route=%2Fwp%2Fv2%2Fmedia&parent=139310"}],"wp:term":[{"taxonomy":"category","embeddable":true,"href":"https:\/\/diarioregionaldigital.com.br\/index.php?rest_route=%2Fwp%2Fv2%2Fcategories&post=139310"},{"taxonomy":"post_tag","embeddable":true,"href":"https:\/\/diarioregionaldigital.com.br\/index.php?rest_route=%2Fwp%2Fv2%2Ftags&post=139310"}],"curies":[{"name":"wp","href":"https:\/\/api.w.org\/{rel}","templated":true}]}}