{"id":139307,"date":"2019-05-02T15:00:13","date_gmt":"2019-05-02T18:00:13","guid":{"rendered":"https:\/\/diarioregionaldigital.com.br\/?p=139307"},"modified":"2019-05-02T15:00:13","modified_gmt":"2019-05-02T18:00:13","slug":"previdencia-tecnicos-do-governo-vao-tirar-duvidas-de-parlamentares","status":"publish","type":"post","link":"https:\/\/diarioregionaldigital.com.br\/?p=139307","title":{"rendered":"Previd\u00eancia: t\u00e9cnicos do governo v\u00e3o tirar d\u00favidas de parlamentares"},"content":{"rendered":"<p>A l\u00edder do governo no Congresso, deputada Joice Hasselmann (PSL-SP), informou nesta quinta-feira, 2, em Bras\u00edlia, que &#8211; a partir da pr\u00f3xima ter\u00e7a-feira (7) &#8211; t\u00e9cnicos do Minist\u00e9rio da Economia v\u00e3o tirar d\u00favidas de parlamentares sobre a proposta de emenda \u00e0 Constitui\u00e7\u00e3o (PEC 6\/19) da reforma da Previd\u00eancia enviada pelo governo federal ao Legislativo.<\/p>\n<p>Segundo ela, esse \u201cgabinete de intelig\u00eancia\u201d da Previd\u00eancia ser\u00e1 montado em uma sala da lideran\u00e7a do governo no Congresso e vai funcionar principalmente \u00e0s ter\u00e7as, quartas e quintas-feiras.<\/p>\n<p>\u201cO grupo do Minist\u00e9rio da Economia vai dar informa\u00e7\u00f5es aos parlamentares tirando qualquer d\u00favida que possa haver em rela\u00e7\u00e3o ao texto, inclusive por regi\u00e3o. Queremos dar seguran\u00e7a para o parlamentar explicar para seu eleitor por que a nova Previd\u00eancia \u00e9 t\u00e3o importante\u201d, afirmou Joice.<\/p>\n<p>A l\u00edder tamb\u00e9m informou que ser\u00e1 produzido conte\u00fado de comunica\u00e7\u00e3o sobre a reforma da Previd\u00eancia para que os parlamentares possam divulg\u00e1-lo em suas redes sociais.<\/p>\n<h2>Aproxima\u00e7\u00e3o mais estreita<\/h2>\n<p>Ap\u00f3s reuni\u00e3o com Joice Hasselmann na C\u00e2mara dos Deputados, o secret\u00e1rio especial de Previd\u00eancia e Trabalho do Minist\u00e9rio da Economia, Rog\u00e9rio Marinho, disse hoje que a equipe econ\u00f4mica tem sido demandada a ter \u201caproxima\u00e7\u00e3o mais estreita\u201d com o Congresso devido \u00e0 complexidade do tema da Previd\u00eancia.<\/p>\n<p>\u201cAchamos de bom tom e extremamente pertinente essa demanda e viemos conversar de que forma isso se dar\u00e1. Esse suporte ser\u00e1 dado de forma mais estreita [na lideran\u00e7a do Congresso]\u201d, afirmou Marinho.<\/p>\n<p>Na pr\u00f3xima ter\u00e7a-feira, 7,\u00a0a comiss\u00e3o especial da C\u00e2mara\u00a0que analisar\u00e1 o m\u00e9rito da reforma da Previd\u00eancia ter\u00e1 sua primeira reuni\u00e3o ordin\u00e1ria.<\/p>\n<p>Segundo o presidente do colegiado, deputado Marcelo Ramos (PR-AM), est\u00e3o previstas 11 audi\u00eancias p\u00fablicas em maio para ouvir a equipe econ\u00f4mica e representantes de associa\u00e7\u00f5es corporativas e da sociedade civil.<\/p>\n<p>&nbsp;<\/p>\n<p>Fonte: Ag\u00eancia Brasil<\/p>\n","protected":false},"excerpt":{"rendered":"<p>A l\u00edder do governo no Congresso, deputada Joice Hasselmann (PSL-SP), informou nesta quinta-feira, 2, em Bras\u00edlia, que &#8211; a partir da pr\u00f3xima ter\u00e7a-feira (7) &#8211; t\u00e9cnicos do Minist\u00e9rio da Economia v\u00e3o tirar d\u00favidas de parlamentares sobre a proposta de emenda \u00e0 Constitui\u00e7\u00e3o (PEC 6\/19) da reforma da Previd\u00eancia enviada pelo governo federal ao Legislativo. Segundo [&hellip;]<\/p>\n","protected":false},"author":96,"featured_media":139308,"comment_status":"closed","ping_status":"closed","sticky":false,"template":"","format":"standard","meta":{"footnotes":""},"categories":[436,262,254,439],"tags":[],"class_list":["post-139307","post","type-post","status-publish","format-standard","has-post-thumbnail","hentry","category-destaque-da-semana","category-noticias","category-politica","category-ultima-hora"],"_links":{"self":[{"href":"https:\/\/diarioregionaldigital.com.br\/index.php?rest_route=\/wp\/v2\/posts\/139307","targetHints":{"allow":["GET"]}}],"collection":[{"href":"https:\/\/diarioregionaldigital.com.br\/index.php?rest_route=\/wp\/v2\/posts"}],"about":[{"href":"https:\/\/diarioregionaldigital.com.br\/index.php?rest_route=\/wp\/v2\/types\/post"}],"author":[{"embeddable":true,"href":"https:\/\/diarioregionaldigital.com.br\/index.php?rest_route=\/wp\/v2\/users\/96"}],"replies":[{"embeddable":true,"href":"https:\/\/diarioregionaldigital.com.br\/index.php?rest_route=%2Fwp%2Fv2%2Fcomments&post=139307"}],"version-history":[{"count":0,"href":"https:\/\/diarioregionaldigital.com.br\/index.php?rest_route=\/wp\/v2\/posts\/139307\/revisions"}],"wp:featuredmedia":[{"embeddable":true,"href":"https:\/\/diarioregionaldigital.com.br\/index.php?rest_route=\/wp\/v2\/media\/139308"}],"wp:attachment":[{"href":"https:\/\/diarioregionaldigital.com.br\/index.php?rest_route=%2Fwp%2Fv2%2Fmedia&parent=139307"}],"wp:term":[{"taxonomy":"category","embeddable":true,"href":"https:\/\/diarioregionaldigital.com.br\/index.php?rest_route=%2Fwp%2Fv2%2Fcategories&post=139307"},{"taxonomy":"post_tag","embeddable":true,"href":"https:\/\/diarioregionaldigital.com.br\/index.php?rest_route=%2Fwp%2Fv2%2Ftags&post=139307"}],"curies":[{"name":"wp","href":"https:\/\/api.w.org\/{rel}","templated":true}]}}