{"id":139304,"date":"2019-05-02T14:54:12","date_gmt":"2019-05-02T17:54:12","guid":{"rendered":"https:\/\/diarioregionaldigital.com.br\/?p=139304"},"modified":"2019-05-02T14:54:12","modified_gmt":"2019-05-02T17:54:12","slug":"republica-democratica-do-congo-ja-registra-quase-mil-mortes-por-ebola","status":"publish","type":"post","link":"https:\/\/diarioregionaldigital.com.br\/?p=139304","title":{"rendered":"Rep\u00fablica Democr\u00e1tica do Congo j\u00e1 registra quase mil mortes por ebola"},"content":{"rendered":"<p>O surto de ebola em duas prov\u00edncias no Nordeste da Rep\u00fablica Democr\u00e1tica do Congo (RDC) j\u00e1 causou\u00a0970 mortes em aproximadamente 1.500 infec\u00e7\u00f5es registradas, segundo dados divulgados nessa quarta-feira, 1\u00ba, pelo Minist\u00e9rio da Sa\u00fade do pa\u00eds africano.<\/p>\n<p>O n\u00famero de mortos pelo v\u00edrus ebola \u2013 que afeta desde 1\u00ba de agosto de 2018 as prov\u00edncias de Kivu do Norte e Ituri \u2013 passou de 630 para 970 pessoas em pouco menos de um m\u00eas: um aumento de mais de 50%.<\/p>\n<p>Os casos de ebola e de mortes em comunidades, ou seja, que ocorreram fora de um centro de tratamento, dispararam \u2013 somente na semana passada foram registrados 126 casos. O \u00e1pice foi registrado no domingo, com 27\u00a0casos notificados apenas naquele dia.<\/p>\n<p>O controle desse surto, o maior e mais letal na hist\u00f3ria da Rep\u00fablica Democr\u00e1tica do Congo, tem sido dificultado pela recusa de algumas comunidades em receber tratamento e devido \u00e0 inseguran\u00e7a na regi\u00e3o atingida, onde operam numerosos grupos armados.<\/p>\n<p>A Organiza\u00e7\u00e3o Mundial da Sa\u00fade (OMS) e institui\u00e7\u00f5es como M\u00e9dicos Sem Fronteiras (MSF) foram for\u00e7adas a paralisar algumas de suas atividades em \u00e1reas como Butembo \u2013 um dos principais pontos ativos do v\u00edrus \u2013 devido a ataques a seus centros.<\/p>\n<p>No mais grave desses ataques\u00a0morreu o epidemiologista congol\u00eas Richard Mouzoko, que havia sido enviado pela OMS para Butembo para ajudar a controlar a atual epidemia de ebola.<\/p>\n<p>A Rep\u00fablica Democr\u00e1tica do Congo foi atingida nove vezes pelo v\u00edrus ebola \u2013 a primeira manifesta\u00e7\u00e3o foi em 1976.<\/p>\n<p>&nbsp;<\/p>\n<p>&nbsp;<\/p>\n<p>Fonte: Ag\u00eancia Brasil<\/p>\n","protected":false},"excerpt":{"rendered":"<p>O surto de ebola em duas prov\u00edncias no Nordeste da Rep\u00fablica Democr\u00e1tica do Congo (RDC) j\u00e1 causou\u00a0970 mortes em aproximadamente 1.500 infec\u00e7\u00f5es registradas, segundo dados divulgados nessa quarta-feira, 1\u00ba, pelo Minist\u00e9rio da Sa\u00fade do pa\u00eds africano. O n\u00famero de mortos pelo v\u00edrus ebola \u2013 que afeta desde 1\u00ba de agosto de 2018 as prov\u00edncias de [&hellip;]<\/p>\n","protected":false},"author":96,"featured_media":139305,"comment_status":"closed","ping_status":"closed","sticky":false,"template":"","format":"standard","meta":{"footnotes":""},"categories":[302,436,262,439],"tags":[],"class_list":["post-139304","post","type-post","status-publish","format-standard","has-post-thumbnail","hentry","category-brasil-mundo","category-destaque-da-semana","category-noticias","category-ultima-hora"],"_links":{"self":[{"href":"https:\/\/diarioregionaldigital.com.br\/index.php?rest_route=\/wp\/v2\/posts\/139304","targetHints":{"allow":["GET"]}}],"collection":[{"href":"https:\/\/diarioregionaldigital.com.br\/index.php?rest_route=\/wp\/v2\/posts"}],"about":[{"href":"https:\/\/diarioregionaldigital.com.br\/index.php?rest_route=\/wp\/v2\/types\/post"}],"author":[{"embeddable":true,"href":"https:\/\/diarioregionaldigital.com.br\/index.php?rest_route=\/wp\/v2\/users\/96"}],"replies":[{"embeddable":true,"href":"https:\/\/diarioregionaldigital.com.br\/index.php?rest_route=%2Fwp%2Fv2%2Fcomments&post=139304"}],"version-history":[{"count":0,"href":"https:\/\/diarioregionaldigital.com.br\/index.php?rest_route=\/wp\/v2\/posts\/139304\/revisions"}],"wp:featuredmedia":[{"embeddable":true,"href":"https:\/\/diarioregionaldigital.com.br\/index.php?rest_route=\/wp\/v2\/media\/139305"}],"wp:attachment":[{"href":"https:\/\/diarioregionaldigital.com.br\/index.php?rest_route=%2Fwp%2Fv2%2Fmedia&parent=139304"}],"wp:term":[{"taxonomy":"category","embeddable":true,"href":"https:\/\/diarioregionaldigital.com.br\/index.php?rest_route=%2Fwp%2Fv2%2Fcategories&post=139304"},{"taxonomy":"post_tag","embeddable":true,"href":"https:\/\/diarioregionaldigital.com.br\/index.php?rest_route=%2Fwp%2Fv2%2Ftags&post=139304"}],"curies":[{"name":"wp","href":"https:\/\/api.w.org\/{rel}","templated":true}]}}