{"id":139300,"date":"2019-05-02T14:48:50","date_gmt":"2019-05-02T17:48:50","guid":{"rendered":"https:\/\/diarioregionaldigital.com.br\/?p=139300"},"modified":"2019-05-02T14:48:50","modified_gmt":"2019-05-02T17:48:50","slug":"brasil-inicia-exportacao-de-carne-de-frango-in-natura-para-india","status":"publish","type":"post","link":"https:\/\/diarioregionaldigital.com.br\/?p=139300","title":{"rendered":"Brasil inicia exporta\u00e7\u00e3o de carne de frango in natura para \u00cdndia"},"content":{"rendered":"<p>A autoridade sanit\u00e1ria da \u00cdndia aprovou a primeira permiss\u00e3o de importa\u00e7\u00e3o para carne de frango<em>\u00a0in natura<\/em>\u00a0brasileira, desde o acordo sanit\u00e1rio firmado entre os dois pa\u00edses, em 2008. O an\u00fancio foi feito pela ministra da Agricultura, Pecu\u00e1ria e Abastecimento (Mapa), Tereza Cristina, na segunda-feira, 29, e destacado nesta quinta-feira, 2, pelo presidente Jair Bolsonaro, em publica\u00e7\u00e3o no Twitter.<\/p>\n<p>De acordo com o Mapa, a carne de frango \u00e9 a prote\u00edna animal mais consumida na \u00cdndia e estima-se que esse mercado v\u00e1 continuar crescendo a uma taxa de 7% a 8% ao ano. O crescimento se deve aos novos padr\u00f5es de consumo moldados por maior urbaniza\u00e7\u00e3o e pelo aumento da renda da classe m\u00e9dia. A expectativa do governo brasileiro \u00e9 que as importa\u00e7\u00f5es indianas aumentem na medida da expans\u00e3o do mercado.<\/p>\n<p>Ainda assim, o consumo\u00a0<em>per capita\u00a0<\/em>de carne de frango na \u00cdndia ainda \u00e9 relativamente baixo, de apenas 3,5 quilos\/ano. No Brasil, essa quantidade chega a 44,6 kg\/ano, enquanto a m\u00e9dia mundial fica em 11,9 kg\/ano.<\/p>\n<h2>Mercado<\/h2>\n<p>De acordo com o presidente da Associa\u00e7\u00e3o Brasileira de Prote\u00edna Animal (ABPA), Francisco Turra, as lideran\u00e7as do setor trabalharam muito para alcan\u00e7ar o mercado indiano e esperam pelo seu crescimento. \u201cFizemos v\u00e1rias miss\u00f5es para l\u00e1. \u00c9 uma na\u00e7\u00e3o com 1,2 bilh\u00e3o de bocas e, praticamente, 400 mil j\u00e1 sa\u00edram do vegetarianismo e est\u00e3o consumindo prote\u00edna animal. Mas consomem pouco. H\u00e1, sem d\u00favida, chance de crescer e melhorar, \u00e9 um mercado complicado, mas \u00e9 uma boa not\u00edcia\u201d, disse.<\/p>\n<p>Em entrevista ao programa\u00a0<em>Revista Brasil<\/em>, da\u00a0<em>R\u00e1dio Nacional de Bras\u00edlia<\/em>, Turra explicou que o Brasil precisa continuar investindo na sanidade e fiscaliza\u00e7\u00e3o para garantir a qualidade do produto e fidelizar os mercados internacionais. De acordo com ele, entretanto, o grande consumidor da carne de frango brasileira \u00e9 o mercado interno. Das 13 milh\u00f5es de toneladas de prote\u00edna produzidas ao ano no pa\u00eds, 9 milh\u00f5es de toneladas s\u00e3o consumidos aqui.<\/p>\n<p>A partir da medida anunciada, todas as plantas frigor\u00edficas registradas no Servi\u00e7o de Inspe\u00e7\u00e3o Federal (SIF) podem exportar carne de frango\u00a0<em>in natura\u00a0<\/em>para a \u00cdndia, desde que observados os requisitos acordados.<\/p>\n<p>Em 2018, os principais destinos da carne de frango brasileira foram Ar\u00e1bia Saudita (US$ 805 milh\u00f5es), China (US$ 800 milh\u00f5es) e Jap\u00e3o (US$ 722 milh\u00f5es).<\/p>\n<p>&nbsp;<\/p>\n<p>&nbsp;<\/p>\n<p>Fonte: Ag\u00eancia Brasil<\/p>\n","protected":false},"excerpt":{"rendered":"<p>A autoridade sanit\u00e1ria da \u00cdndia aprovou a primeira permiss\u00e3o de importa\u00e7\u00e3o para carne de frango\u00a0in natura\u00a0brasileira, desde o acordo sanit\u00e1rio firmado entre os dois pa\u00edses, em 2008. O an\u00fancio foi feito pela ministra da Agricultura, Pecu\u00e1ria e Abastecimento (Mapa), Tereza Cristina, na segunda-feira, 29, e destacado nesta quinta-feira, 2, pelo presidente Jair Bolsonaro, em publica\u00e7\u00e3o [&hellip;]<\/p>\n","protected":false},"author":96,"featured_media":139301,"comment_status":"closed","ping_status":"closed","sticky":false,"template":"","format":"standard","meta":{"footnotes":""},"categories":[436,261,262,439],"tags":[],"class_list":["post-139300","post","type-post","status-publish","format-standard","has-post-thumbnail","hentry","category-destaque-da-semana","category-economia","category-noticias","category-ultima-hora"],"_links":{"self":[{"href":"https:\/\/diarioregionaldigital.com.br\/index.php?rest_route=\/wp\/v2\/posts\/139300","targetHints":{"allow":["GET"]}}],"collection":[{"href":"https:\/\/diarioregionaldigital.com.br\/index.php?rest_route=\/wp\/v2\/posts"}],"about":[{"href":"https:\/\/diarioregionaldigital.com.br\/index.php?rest_route=\/wp\/v2\/types\/post"}],"author":[{"embeddable":true,"href":"https:\/\/diarioregionaldigital.com.br\/index.php?rest_route=\/wp\/v2\/users\/96"}],"replies":[{"embeddable":true,"href":"https:\/\/diarioregionaldigital.com.br\/index.php?rest_route=%2Fwp%2Fv2%2Fcomments&post=139300"}],"version-history":[{"count":0,"href":"https:\/\/diarioregionaldigital.com.br\/index.php?rest_route=\/wp\/v2\/posts\/139300\/revisions"}],"wp:featuredmedia":[{"embeddable":true,"href":"https:\/\/diarioregionaldigital.com.br\/index.php?rest_route=\/wp\/v2\/media\/139301"}],"wp:attachment":[{"href":"https:\/\/diarioregionaldigital.com.br\/index.php?rest_route=%2Fwp%2Fv2%2Fmedia&parent=139300"}],"wp:term":[{"taxonomy":"category","embeddable":true,"href":"https:\/\/diarioregionaldigital.com.br\/index.php?rest_route=%2Fwp%2Fv2%2Fcategories&post=139300"},{"taxonomy":"post_tag","embeddable":true,"href":"https:\/\/diarioregionaldigital.com.br\/index.php?rest_route=%2Fwp%2Fv2%2Ftags&post=139300"}],"curies":[{"name":"wp","href":"https:\/\/api.w.org\/{rel}","templated":true}]}}