{"id":139297,"date":"2019-05-02T14:51:19","date_gmt":"2019-05-02T17:51:19","guid":{"rendered":"https:\/\/diarioregionaldigital.com.br\/?p=139297"},"modified":"2019-05-02T17:23:32","modified_gmt":"2019-05-02T20:23:32","slug":"dados-da-pjf-apontam-que-aproximadamente-22-do-publico-alvo-ja-foi-vacinado-contra-a-gripe","status":"publish","type":"post","link":"https:\/\/diarioregionaldigital.com.br\/?p=139297","title":{"rendered":"Dados da PJF apontam que aproximadamente 22% do p\u00fablico-alvo j\u00e1 foi vacinado contra a gripe"},"content":{"rendered":"<p>De acordo com os dados do Setor de Imuniza\u00e7\u00e3o do Departamento de Vigil\u00e2ncia Epidemiol\u00f3gica e Ambiental (Dvea) da Secretaria de Sa\u00fade (SS) da Prefeitura de Juiz de Fora (PJF) 21,94% do p\u00fablico-alvo da campanha contra a gripe j\u00e1 foi imunizado.<\/p>\n<p>Ainda conforme os dados, desde o in\u00edcio, foram aplicadas 29.093 doses da vacina contra o Influenza, o v\u00edrus da gripe. No total, foram administradas 8.081 doses em crian\u00e7as na faixa et\u00e1ria de seis meses a 5 anos, 11 meses e 29 dias, representando em valor percentual 24,62%, 1.704 doses em gestantes (36,30%) e 225 em pu\u00e9rperas &#8211; mulheres com at\u00e9 45 dias p\u00f3s-parto (29,15%). Al\u00e9m disso, foram 18.536 doses em idosos (25,92%), 1.493 em trabalhadores da sa\u00fade (6,55%) e 647 doses em professores (9,38%).\u00a0Os dados foram divulgados na ter\u00e7a-feira, 30.\u00a0A meta \u00e9 atingir a cobertura vacinal de 90% p\u00fablico-alvo.<\/p>\n<p>A segunda fase de imuniza\u00e7\u00e3o come\u00e7ou no \u00faltimo dia 22 de abril, segunda-feira, sendo realizada a vacina\u00e7\u00e3o de todos os grupos priorit\u00e1rios, sendo eles: os idosos, pu\u00e9rperas, que s\u00e3o mulheres com at\u00e9 45 dias p\u00f3s-parto, trabalhadores da sa\u00fade, doentes cr\u00f4nicos (dentro do grupo das comorbidades preconizadas pelo MS e com receita m\u00e9dica), professores das redes p\u00fablica e particular, popula\u00e7\u00e3o privada de liberdade e funcion\u00e1rios do sistema prisional.\u00a0Crian\u00e7as e gestantes tamb\u00e9m poder\u00e3o buscar unidades de sa\u00fade para continuarem sendo vacinadas.Al\u00e9mdisso, durante esse per\u00edodo, ocorrer\u00e1 a atualiza\u00e7\u00e3o da Caderneta de Vacina\u00e7\u00e3o de crian\u00e7as de 6 meses at\u00e9 5 anos, 11 meses e 29 dias e gestantes, conforme a situa\u00e7\u00e3o vacinal encontrada e as indica\u00e7\u00f5es do Calend\u00e1rio Nacional de Vacina\u00e7\u00e3o.<\/p>\n<p>O p\u00fablico-alvo da campanha pode buscar a dose nas unidades B\u00e1sicas de Sa\u00fade (UBSs), no Departamento de Sa\u00fade da Crian\u00e7a e do Adolescente (DSCA), no Departamento de Sa\u00fade do Idoso ou PAM Marechal, dependendo do grupo ao qual pertence.<\/p>\n<p>A vacina ofertada \u00e9 a trivalente, que protege contra os tr\u00eas subtipos do Influenza: H1N1, H3N2 e influenza B. A formula\u00e7\u00e3o utiliza v\u00edrus inativados, ou seja, mortos, e, por isso, \u00e9 muito segura. A dose \u00e9 contraindicada para pessoas que t\u00eam alergia grave a ovo de galinha.<\/p>\n<p>A imuniza\u00e7\u00e3o contra a gripe vai at\u00e9 31 de maio e o \u201cDia D\u201d ser\u00e1 no pr\u00f3ximo s\u00e1bado, 4.<\/p>\n<p><strong>Hor\u00e1rio de funcionamento das salas de vacina\u00e7\u00e3o (segunda a sexta-feira):<\/strong><\/p>\n<ul>\n<li>Unidades b\u00e1sicas de Sa\u00fade: 8 horas \u00e0s 10h30 e 13 horas \u00e0s 16h30 \u2013 Todos os grupos priorit\u00e1rios.<\/li>\n<li>Departamento de Sa\u00fade da Crian\u00e7a e do Adolescente: 8 horas \u00e0s 15h30 \u2013 Rua S\u00e3o Sebasti\u00e3o, 772 \u2013 Crian\u00e7as, gestantes e pu\u00e9rperas<\/li>\n<li>Departamento de Sa\u00fade do Idoso: 8 horas \u00e0s 15h30 \u2013 Rua Batista de Oliveira, 943 \u2013 Somente idosos<\/li>\n<li>PAM Marechal: 8 horas \u00e0s 16h30 \u2013 Sala de vacina\u00e7\u00e3o no 3\u00b0 andar \u2013 Todos os grupos priorit\u00e1rios, menos idosos.<\/li>\n<\/ul>\n<p><strong>\u201cDia D\u201d<\/strong><\/p>\n<p>Conforme divulgado pelo Minist\u00e9rio da Sa\u00fade (MS), neste s\u00e1bado, 4, acontecer\u00e1 o \u201cDia D de Imuniza\u00e7\u00e3o contra a Gripe\u201d, dentro da \u201cCampanha Nacional de Vacina\u00e7\u00e3o contra a Influenza\u201d. De 8 \u00e0s 17 horas, \u00a0a Secretaria de Sa\u00fade da PJF disponibilizar\u00e1 doses da vacina para todo o grupo priorit\u00e1rio em todas as 63 unidades B\u00e1sicas de Sa\u00fade (UBSs), nos departamentos de Sa\u00fade da Crian\u00e7a e do Adolescente (DSCA) e do Idoso (DSI) e no PAM-Marechal. Al\u00e9m disso, dois postos extras estar\u00e3o dispon\u00edveis: no Santa Cruz Shopping, que funcionar\u00e1 das 9 \u00e0s 17 horas, e na Igreja Sagrado Cora\u00e7\u00e3o de Jesus (Rua Alberto Vieira Lima, 50, Bairro Bairu), das 8 \u00e0s 17 horas.<\/p>\n<p>No \u201cDia D\u201d, qualquer sala de vacina\u00e7\u00e3o estar\u00e1 dispon\u00edvel para atender todo o p\u00fablico-alvo. Ainda conforme as informa\u00e7\u00f5es da PJF, o secret\u00e1rio de Estado de Sa\u00fade de Minas Gerais, Carlos Eduardo Amaral Pereira da Silva, estar\u00e1 em Juiz de Fora e vai tomar a vacina junto com o prefeito Ant\u00f4nio Almas, \u00e0s 10 horas, na UBS do Bairro Santa Luzia, localizada na Rua Torre\u00f5es.<\/p>\n<p><strong>Hor\u00e1rio de funcionamento das salas de vacina\u00e7\u00e3o durante o Dia D \u2013 4 de maio<\/strong><\/p>\n<ul>\n<li>Unidades B\u00e1sicas de Sa\u00fade: 8 horas \u00e0s 17 horas\u2013 Todos os grupos priorit\u00e1rios.<\/li>\n<li>Departamento de Sa\u00fade da Crian\u00e7a e do Adolescente: 8 horas \u00e0s 17 horas\u2013 Rua S\u00e3o Sebasti\u00e3o, 772 \u2013 Todos os grupos priorit\u00e1rios.<\/li>\n<li>Departamento de Sa\u00fade do Idoso: 8 horas \u00e0s 17 horas\u2013 Rua Batista de Oliveira, 943 \u2013 Todos os grupos priorit\u00e1rios.<\/li>\n<li>PAM Marechal: 8 horas \u00e0s 17 horas\u2013 Todos os grupos priorit\u00e1rios<\/li>\n<li>Santa Cruz Shopping: 9 horas \u00e0s 17 horas- Todos os grupos priorit\u00e1rios<\/li>\n<li>Igreja Sagrado Cora\u00e7\u00e3o de Jesus: 8 horas \u00e0s 17 horas\u2013 Rua Alberto Vieira Lima, 50, Bairro Bairu \u2013 Todos os grupos priorit\u00e1rios.<\/li>\n<\/ul>\n","protected":false},"excerpt":{"rendered":"<p>De acordo com os dados do Setor de Imuniza\u00e7\u00e3o do Departamento de Vigil\u00e2ncia Epidemiol\u00f3gica e Ambiental (Dvea) da Secretaria de Sa\u00fade (SS) da Prefeitura de Juiz de Fora (PJF) 21,94% do p\u00fablico-alvo da campanha contra a gripe j\u00e1 foi imunizado. Ainda conforme os dados, desde o in\u00edcio, foram aplicadas 29.093 doses da vacina contra o [&hellip;]<\/p>\n","protected":false},"author":96,"featured_media":138536,"comment_status":"closed","ping_status":"closed","sticky":false,"template":"","format":"standard","meta":{"footnotes":""},"categories":[253,436,440,439],"tags":[],"class_list":["post-139297","post","type-post","status-publish","format-standard","has-post-thumbnail","hentry","category-cidade","category-destaque-da-semana","category-destaques-do-dia","category-ultima-hora"],"_links":{"self":[{"href":"https:\/\/diarioregionaldigital.com.br\/index.php?rest_route=\/wp\/v2\/posts\/139297","targetHints":{"allow":["GET"]}}],"collection":[{"href":"https:\/\/diarioregionaldigital.com.br\/index.php?rest_route=\/wp\/v2\/posts"}],"about":[{"href":"https:\/\/diarioregionaldigital.com.br\/index.php?rest_route=\/wp\/v2\/types\/post"}],"author":[{"embeddable":true,"href":"https:\/\/diarioregionaldigital.com.br\/index.php?rest_route=\/wp\/v2\/users\/96"}],"replies":[{"embeddable":true,"href":"https:\/\/diarioregionaldigital.com.br\/index.php?rest_route=%2Fwp%2Fv2%2Fcomments&post=139297"}],"version-history":[{"count":0,"href":"https:\/\/diarioregionaldigital.com.br\/index.php?rest_route=\/wp\/v2\/posts\/139297\/revisions"}],"wp:featuredmedia":[{"embeddable":true,"href":"https:\/\/diarioregionaldigital.com.br\/index.php?rest_route=\/wp\/v2\/media\/138536"}],"wp:attachment":[{"href":"https:\/\/diarioregionaldigital.com.br\/index.php?rest_route=%2Fwp%2Fv2%2Fmedia&parent=139297"}],"wp:term":[{"taxonomy":"category","embeddable":true,"href":"https:\/\/diarioregionaldigital.com.br\/index.php?rest_route=%2Fwp%2Fv2%2Fcategories&post=139297"},{"taxonomy":"post_tag","embeddable":true,"href":"https:\/\/diarioregionaldigital.com.br\/index.php?rest_route=%2Fwp%2Fv2%2Ftags&post=139297"}],"curies":[{"name":"wp","href":"https:\/\/api.w.org\/{rel}","templated":true}]}}