{"id":139291,"date":"2019-05-02T14:38:02","date_gmt":"2019-05-02T17:38:02","guid":{"rendered":"https:\/\/diarioregionaldigital.com.br\/?p=139291"},"modified":"2019-05-02T16:18:44","modified_gmt":"2019-05-02T19:18:44","slug":"ex-vereador-de-guarara-e-encontrado-morto-dentro-de-porta-malas","status":"publish","type":"post","link":"https:\/\/diarioregionaldigital.com.br\/?p=139291","title":{"rendered":"Ex-vereador de Guarar\u00e1 \u00e9 encontrado morto dentro de porta-malas"},"content":{"rendered":"<p>O corpo do ex vereador de Guarar\u00e1, Daniel Soares de Souza, 37 anos, conhecido como \u201cJuninho do T\u00e1xi\u201d, foi encontrado nessa quarta-feira, 1\u00b0 de maio, dentro do porta-malas de um carro, na BR-267, em um trecho de uma estrada vicinal entre Juiz de Fora e Ch\u00e1cara.<\/p>\n<p>Daniel Soares de Souza era morador da cidade de Bicas, onde trabalhava como comerciante. De acordo com as informa\u00e7\u00f5es, o ex-vereador estava desaparecido desde a \u00faltima segunda-feira, 29 de abril.<\/p>\n<p>Segundo as informa\u00e7\u00f5es da Pol\u00edcia Militar (PM), na ter\u00e7a-feira, 30, foi registrado o desaparecimento do ex-vereador. Na data em quest\u00e3o, os militares receberam a informa\u00e7\u00e3o de que um ve\u00edculo, com as mesmas caracter\u00edsticas que estava sendo utilizado pelo homem, foi encontrado \u00e0s margens da BR-267. Chegando ao local, os policiais encontraram o ve\u00edculo e confirmaram que pertencia ao ex-vereador.<\/p>\n<p>Durante as dilig\u00eancias, suspeitando de que o corpo do homem pudesse estar no porta malas do carro, os militares quebraram o vidro traseiro, abriram o porta-malas e encontraram o corpo da v\u00edtima. O corpo foi encontrado com v\u00e1rios ferimentos. Conforme o documento policial, havia um corte profundo na regi\u00e3o do pesco\u00e7o e outro na parte de tr\u00e1s da cabe\u00e7a, amassamento do cr\u00e2nio e dedos da m\u00e3o esquerda feridos e amassados.<\/p>\n<p>Al\u00e9m disso, documentos pessoais da v\u00edtima e outros objetos foram encontrados dentro do ve\u00edculo, recolhidos e entregues na delegacia de Juiz de Fora. A per\u00edcia foi acionada e policiais civis de Bicas tamb\u00e9m estiveram no local.<\/p>\n<p>At\u00e9 o momento, nenhum suspeito foi encontrado. Ainda n\u00e3o h\u00e1 informa\u00e7\u00f5es sobre a motiva\u00e7\u00e3o do crime. O caso ser\u00e1 investigado pela Pol\u00edcia Civil.<\/p>\n<p>Daniel Soares de Souza foi vereador do munic\u00edpio de Guarar\u00e1 entre os anos de 2013 e 2016 e se candidatou ao cargo de prefeito da cidade nas \u00faltimas elei\u00e7\u00f5es.<\/p>\n<p>&nbsp;<\/p>\n","protected":false},"excerpt":{"rendered":"<p>O corpo do ex vereador de Guarar\u00e1, Daniel Soares de Souza, 37 anos, conhecido como \u201cJuninho do T\u00e1xi\u201d, foi encontrado nessa quarta-feira, 1\u00b0 de maio, dentro do porta-malas de um carro, na BR-267, em um trecho de uma estrada vicinal entre Juiz de Fora e Ch\u00e1cara. Daniel Soares de Souza era morador da cidade de [&hellip;]<\/p>\n","protected":false},"author":96,"featured_media":139293,"comment_status":"closed","ping_status":"closed","sticky":false,"template":"","format":"standard","meta":{"footnotes":""},"categories":[436,440,252,439],"tags":[],"class_list":["post-139291","post","type-post","status-publish","format-standard","has-post-thumbnail","hentry","category-destaque-da-semana","category-destaques-do-dia","category-regiao","category-ultima-hora"],"_links":{"self":[{"href":"https:\/\/diarioregionaldigital.com.br\/index.php?rest_route=\/wp\/v2\/posts\/139291","targetHints":{"allow":["GET"]}}],"collection":[{"href":"https:\/\/diarioregionaldigital.com.br\/index.php?rest_route=\/wp\/v2\/posts"}],"about":[{"href":"https:\/\/diarioregionaldigital.com.br\/index.php?rest_route=\/wp\/v2\/types\/post"}],"author":[{"embeddable":true,"href":"https:\/\/diarioregionaldigital.com.br\/index.php?rest_route=\/wp\/v2\/users\/96"}],"replies":[{"embeddable":true,"href":"https:\/\/diarioregionaldigital.com.br\/index.php?rest_route=%2Fwp%2Fv2%2Fcomments&post=139291"}],"version-history":[{"count":0,"href":"https:\/\/diarioregionaldigital.com.br\/index.php?rest_route=\/wp\/v2\/posts\/139291\/revisions"}],"wp:featuredmedia":[{"embeddable":true,"href":"https:\/\/diarioregionaldigital.com.br\/index.php?rest_route=\/wp\/v2\/media\/139293"}],"wp:attachment":[{"href":"https:\/\/diarioregionaldigital.com.br\/index.php?rest_route=%2Fwp%2Fv2%2Fmedia&parent=139291"}],"wp:term":[{"taxonomy":"category","embeddable":true,"href":"https:\/\/diarioregionaldigital.com.br\/index.php?rest_route=%2Fwp%2Fv2%2Fcategories&post=139291"},{"taxonomy":"post_tag","embeddable":true,"href":"https:\/\/diarioregionaldigital.com.br\/index.php?rest_route=%2Fwp%2Fv2%2Ftags&post=139291"}],"curies":[{"name":"wp","href":"https:\/\/api.w.org\/{rel}","templated":true}]}}