{"id":139280,"date":"2019-05-01T06:00:53","date_gmt":"2019-05-01T09:00:53","guid":{"rendered":"https:\/\/diarioregionaldigital.com.br\/?p=139280"},"modified":"2019-04-30T18:44:18","modified_gmt":"2019-04-30T21:44:18","slug":"prefeitura-municipal-de-rio-novo-licitacao-no-042-01-05-19","status":"publish","type":"post","link":"https:\/\/diarioregionaldigital.com.br\/?p=139280","title":{"rendered":"Prefeitura Municipal de Rio Novo- Licita\u00e7\u00e3o n\u00ba 042 &#8211; 01\/05\/19"},"content":{"rendered":"<p style=\"text-align: center;\"><strong>PREFEITURA MUNICIPAL DE RIO NOVO<\/strong><\/p>\n<p style=\"text-align: center;\"><strong>AVISO DE LICITA\u00c7\u00c3O<\/strong><\/p>\n<p style=\"text-align: center;\"><strong>Licita\u00e7\u00e3o n\u00b0 042\/2019<\/strong><\/p>\n<p style=\"text-align: center;\"><strong>Modalidade de Tomada de Pre\u00e7o n\u00b0 002\/2019<\/strong><\/p>\n<p style=\"text-align: center;\">O Munic\u00edpio de RIO NOVO, na forma da lei, faz saber a todos quantos o presente edital virem, ou dele conhecimento tiverem, que a partir das 10:00h do dia 20 de maio de 2019 na Prefeitura Municipal na sala da comiss\u00e3o de licita\u00e7\u00e3o, localizada na rua PRA\u00c7A PREF. RONALDO DUTRA BORGES, n\u00b0 001, bairro CENTRO, munic\u00edpio de RIO NOVO, ser\u00e1 realizada licita\u00e7\u00e3o para a contrata\u00e7\u00e3o de interessados na EXECU\u00c7\u00c3O DE OBRAS DE PAVIMENTA\u00c7\u00c3O DE VIAS URBANAS DO MUNIC\u00cdPIO DE RIO NOVO &#8211; A REALIZA\u00c7\u00c3O DAS OBRAS DE PAVIMENTA\u00c7\u00c3O AGREGAR\u00c3O ACESSIBILIDADE, PROPORCIONANDO MAIOR CONFORTO E SEGURAN\u00c7A AOS PROPRIET\u00c1RIOS DOS VE\u00cdCULOS AUTOMOTORES E PEDESTRES, AUMENTANDO A QUALIDADE DE VIDA DA POPULA\u00c7\u00c3O, CONTEMPLANDO AS RUAS RUA JACOB DA PAIX\u00c3O E ENTORNO DA PRA\u00c7A PREFEITO RONALDO DUTRA BORGES. CONTRATO DE REPASSE N\u00b0. 845235\/2017\/MOCIDADES\/CAIXA. Tipo Menor Pre\u00e7o Global conforme consta no edital que se encontra a disposi\u00e7\u00e3o de todos os interessados na Prefeitura Municipal, onde poder\u00e3o obt\u00ea-lo. Para conhecimento de todos os interessados, expediu-se o presente que ser\u00e1 afixado no lugar de costume, publicando-se na forma da lei. RIO NOVO, 30 de abril de 2019.<\/p>\n","protected":false},"excerpt":{"rendered":"<p>PREFEITURA MUNICIPAL DE RIO NOVO AVISO DE LICITA\u00c7\u00c3O Licita\u00e7\u00e3o n\u00b0 042\/2019 Modalidade de Tomada de Pre\u00e7o n\u00b0 002\/2019 O Munic\u00edpio de RIO NOVO, na forma da lei, faz saber a todos quantos o presente edital virem, ou dele conhecimento tiverem, que a partir das 10:00h do dia 20 de maio de 2019 na Prefeitura Municipal [&hellip;]<\/p>\n","protected":false},"author":96,"featured_media":0,"comment_status":"closed","ping_status":"closed","sticky":false,"template":"","format":"standard","meta":{"footnotes":""},"categories":[307],"tags":[],"class_list":["post-139280","post","type-post","status-publish","format-standard","hentry","category-editais"],"_links":{"self":[{"href":"https:\/\/diarioregionaldigital.com.br\/index.php?rest_route=\/wp\/v2\/posts\/139280","targetHints":{"allow":["GET"]}}],"collection":[{"href":"https:\/\/diarioregionaldigital.com.br\/index.php?rest_route=\/wp\/v2\/posts"}],"about":[{"href":"https:\/\/diarioregionaldigital.com.br\/index.php?rest_route=\/wp\/v2\/types\/post"}],"author":[{"embeddable":true,"href":"https:\/\/diarioregionaldigital.com.br\/index.php?rest_route=\/wp\/v2\/users\/96"}],"replies":[{"embeddable":true,"href":"https:\/\/diarioregionaldigital.com.br\/index.php?rest_route=%2Fwp%2Fv2%2Fcomments&post=139280"}],"version-history":[{"count":0,"href":"https:\/\/diarioregionaldigital.com.br\/index.php?rest_route=\/wp\/v2\/posts\/139280\/revisions"}],"wp:attachment":[{"href":"https:\/\/diarioregionaldigital.com.br\/index.php?rest_route=%2Fwp%2Fv2%2Fmedia&parent=139280"}],"wp:term":[{"taxonomy":"category","embeddable":true,"href":"https:\/\/diarioregionaldigital.com.br\/index.php?rest_route=%2Fwp%2Fv2%2Fcategories&post=139280"},{"taxonomy":"post_tag","embeddable":true,"href":"https:\/\/diarioregionaldigital.com.br\/index.php?rest_route=%2Fwp%2Fv2%2Ftags&post=139280"}],"curies":[{"name":"wp","href":"https:\/\/api.w.org\/{rel}","templated":true}]}}