{"id":139173,"date":"2019-04-29T15:00:36","date_gmt":"2019-04-29T18:00:36","guid":{"rendered":"https:\/\/diarioregionaldigital.com.br\/?p=139173"},"modified":"2019-04-29T17:56:08","modified_gmt":"2019-04-29T20:56:08","slug":"forca-tarefa-de-combate-ao-aedes-da-pjf-identifica-169-imoveis-com-focos-do-mosquito","status":"publish","type":"post","link":"https:\/\/diarioregionaldigital.com.br\/?p=139173","title":{"rendered":"For\u00e7a-tarefa de combate ao Aedes da PJF identifica 169 im\u00f3veis com focos do mosquito"},"content":{"rendered":"<p>Os agentes de combate a endemias da for\u00e7a-tarefa montada pela Prefeitura de Juiz de Fora (PJF) j\u00e1 vistoriaram 3.433 im\u00f3veis. Deste total, 169 possu\u00edam focos do mosquito. Al\u00e9m disso, durante as a\u00e7\u00f5es, os agentes eliminaram 896 criadouros e trataram outros 2,5 mil dep\u00f3sitos com larvicida.<\/p>\n<p>Conforme a Secretaria de Saude (SS) daPJF, as chuvas at\u00edpicas de abril e a falta de cuidados da popula\u00e7\u00e3o em vistoriasemanalmente suas resid\u00eancias e quintais para verificar se h\u00e1 poss\u00edveis focos do mosquito Aedes aegypti, o transmissor da dengue e chikungunya, est\u00e3o preocupando a pasta.<\/p>\n<p>Somente este m\u00eas, o Instituto Nacional de Meteorologia (Inmet) registrou, em Juiz de Fora, acumulado de precipita\u00e7\u00f5es de 173,3 mil\u00edmetros. Esse \u00edndice representa mais de duas vezes o previsto para o m\u00eas, conforme a m\u00e9dia hist\u00f3rica, que \u00e9 de 78,6 mil\u00edmetros.<\/p>\n<p>Sendo assim, por causa da chuva, a aplica\u00e7\u00e3o de larvicida contra os criadouros de Aedes aegypti nas marquises do Centro continua sendo feita pela equipe da \u201cSala de Opera\u00e7\u00f5es da Dengue\u201d.<\/p>\n<p>Nesta ter\u00e7a-feira, 30, a reaplica\u00e7\u00e3o ser\u00e1 na Rua Esp\u00edrito Santo, na quinta-feira, 2, nas ruas Batista de Oliveira (parte baixa) e Francisco Maia, na sexta-feira, 3, nas ruas Batista de Oliveira (parte alta) e Roberto de Barros.<\/p>\n<p>Al\u00e9m disso, tamb\u00e9m quinta-feira, 2, duas moradias em situa\u00e7\u00e3o insalubre, localizadas no Bairro Benfica, ser\u00e3o limpas pela \u201cSala de Opera\u00e7\u00f5es\u201d.O trabalho come\u00e7ar\u00e1 \u00e0s 8 horas.<\/p>\n<p>Ainda conforme a PJF, outro problema recorrente encontrado pelos agentes s\u00e3o caixas d\u2019\u00e1gua destampadas. Segundo os dados da SS, entre agosto de 2018 at\u00e9 abril deste ano, a \u201cSala de Opera\u00e7\u00f5es da Dengue\u201d colocou telas em 4.760 recipientes. Nos \u00faltimos nove meses foram gastos cerca de R$ 166 mil com esta a\u00e7\u00e3o.<\/p>\n<p>A PJF informa que as den\u00fancias de situa\u00e7\u00f5es que podem levar \u00e0 prolifera\u00e7\u00e3o do Aedes devem ser feitas pelo telefone 199 \u2013 Disque Dengue ou pelo aplicativo Colab.<\/p>\n","protected":false},"excerpt":{"rendered":"<p>Os agentes de combate a endemias da for\u00e7a-tarefa montada pela Prefeitura de Juiz de Fora (PJF) j\u00e1 vistoriaram 3.433 im\u00f3veis. Deste total, 169 possu\u00edam focos do mosquito. Al\u00e9m disso, durante as a\u00e7\u00f5es, os agentes eliminaram 896 criadouros e trataram outros 2,5 mil dep\u00f3sitos com larvicida. Conforme a Secretaria de Saude (SS) daPJF, as chuvas at\u00edpicas [&hellip;]<\/p>\n","protected":false},"author":96,"featured_media":139174,"comment_status":"closed","ping_status":"closed","sticky":false,"template":"","format":"standard","meta":{"footnotes":""},"categories":[253,436,440,439],"tags":[],"class_list":["post-139173","post","type-post","status-publish","format-standard","has-post-thumbnail","hentry","category-cidade","category-destaque-da-semana","category-destaques-do-dia","category-ultima-hora"],"_links":{"self":[{"href":"https:\/\/diarioregionaldigital.com.br\/index.php?rest_route=\/wp\/v2\/posts\/139173","targetHints":{"allow":["GET"]}}],"collection":[{"href":"https:\/\/diarioregionaldigital.com.br\/index.php?rest_route=\/wp\/v2\/posts"}],"about":[{"href":"https:\/\/diarioregionaldigital.com.br\/index.php?rest_route=\/wp\/v2\/types\/post"}],"author":[{"embeddable":true,"href":"https:\/\/diarioregionaldigital.com.br\/index.php?rest_route=\/wp\/v2\/users\/96"}],"replies":[{"embeddable":true,"href":"https:\/\/diarioregionaldigital.com.br\/index.php?rest_route=%2Fwp%2Fv2%2Fcomments&post=139173"}],"version-history":[{"count":0,"href":"https:\/\/diarioregionaldigital.com.br\/index.php?rest_route=\/wp\/v2\/posts\/139173\/revisions"}],"wp:featuredmedia":[{"embeddable":true,"href":"https:\/\/diarioregionaldigital.com.br\/index.php?rest_route=\/wp\/v2\/media\/139174"}],"wp:attachment":[{"href":"https:\/\/diarioregionaldigital.com.br\/index.php?rest_route=%2Fwp%2Fv2%2Fmedia&parent=139173"}],"wp:term":[{"taxonomy":"category","embeddable":true,"href":"https:\/\/diarioregionaldigital.com.br\/index.php?rest_route=%2Fwp%2Fv2%2Fcategories&post=139173"},{"taxonomy":"post_tag","embeddable":true,"href":"https:\/\/diarioregionaldigital.com.br\/index.php?rest_route=%2Fwp%2Fv2%2Ftags&post=139173"}],"curies":[{"name":"wp","href":"https:\/\/api.w.org\/{rel}","templated":true}]}}