{"id":139156,"date":"2019-04-29T16:25:52","date_gmt":"2019-04-29T19:25:52","guid":{"rendered":"https:\/\/diarioregionaldigital.com.br\/?p=139156"},"modified":"2019-04-29T16:25:52","modified_gmt":"2019-04-29T19:25:52","slug":"onu-uso-excessivo-de-remedios-pode-matar-10-milhoes-ao-ano-ate-2050","status":"publish","type":"post","link":"https:\/\/diarioregionaldigital.com.br\/?p=139156","title":{"rendered":"ONU: uso excessivo de rem\u00e9dios pode matar 10 milh\u00f5es ao ano at\u00e9 2050"},"content":{"rendered":"<p>Relat\u00f3rio de entidades ligadas \u00e0 Organiza\u00e7\u00e3o das Na\u00e7\u00f5es Unidas (ONU), divulgado nesta segunda-feira, 29, alerta que o uso excessivo de medicamentos e os consequentes casos de resist\u00eancia antimicrobiana podem causar a morte de at\u00e9 10 milh\u00f5es de pessoas todos os anos at\u00e9 2050.<\/p>\n<p>O preju\u00edzo \u00e0 economia global, segundo o documento, pode ser t\u00e3o catastr\u00f3fico quanto a crise financeira que assolou o mundo entre 2008 e 2009. A estimativa \u00e9 que, at\u00e9 2030, a resist\u00eancia antimicrobiana leve cerca de 24 milh\u00f5es de pessoas \u00e0 extrema pobreza.<\/p>\n<p>Atualmente, pelo menos 700 mil pessoas morrem todos os anos devido a doen\u00e7as resistentes a medicamentos \u2013 incluindo 230 mil por causa da chamada tuberculose multirresistente.<\/p>\n<p>\u201cMais e mais doen\u00e7as comuns, incluindo infec\u00e7\u00f5es do trato respirat\u00f3rio, infec\u00e7\u00f5es sexualmente transmiss\u00edveis e infec\u00e7\u00f5es do trato urin\u00e1rio est\u00e3o se tornando intrat\u00e1veis\u201d, destacou a Organiza\u00e7\u00e3o Mundial da Sa\u00fade (OMS) por meio de comunicado.<\/p>\n<p>\u201cO mundo j\u00e1 est\u00e1 sentindo as consequ\u00eancias econ\u00f4micas e na sa\u00fade \u00e0 medida em que medicamentos cruciais se tornam ineficazes. Sem o investimento dos pa\u00edses em todas as faixas de renda, as futuras gera\u00e7\u00f5es ter\u00e3o de enfrentar impactos desastrosos da resist\u00eancia antimicrobiana descontrolada\u201d, completou a entidade.<\/p>\n<p>O relat\u00f3rio recomenda, entre outras medidas, priorizar planos de a\u00e7\u00e3o nacionais para ampliar os esfor\u00e7os de financiamento e capacita\u00e7\u00e3o; implementar sistemas regulat\u00f3rios mais fortes e de apoio a programas de conscientiza\u00e7\u00e3o para o uso respons\u00e1vel de antimicrobianos e investir em pesquisa e no desenvolvimento de novas tecnologia,s para combater a resist\u00eancia antimicrobiana.<\/p>\n<p>&nbsp;<\/p>\n<p>Foto: Ag\u00eancia Brasil<\/p>\n","protected":false},"excerpt":{"rendered":"<p>Relat\u00f3rio de entidades ligadas \u00e0 Organiza\u00e7\u00e3o das Na\u00e7\u00f5es Unidas (ONU), divulgado nesta segunda-feira, 29, alerta que o uso excessivo de medicamentos e os consequentes casos de resist\u00eancia antimicrobiana podem causar a morte de at\u00e9 10 milh\u00f5es de pessoas todos os anos at\u00e9 2050. O preju\u00edzo \u00e0 economia global, segundo o documento, pode ser t\u00e3o catastr\u00f3fico [&hellip;]<\/p>\n","protected":false},"author":96,"featured_media":139157,"comment_status":"closed","ping_status":"closed","sticky":false,"template":"","format":"standard","meta":{"footnotes":""},"categories":[302,436,262,439],"tags":[],"class_list":["post-139156","post","type-post","status-publish","format-standard","has-post-thumbnail","hentry","category-brasil-mundo","category-destaque-da-semana","category-noticias","category-ultima-hora"],"_links":{"self":[{"href":"https:\/\/diarioregionaldigital.com.br\/index.php?rest_route=\/wp\/v2\/posts\/139156","targetHints":{"allow":["GET"]}}],"collection":[{"href":"https:\/\/diarioregionaldigital.com.br\/index.php?rest_route=\/wp\/v2\/posts"}],"about":[{"href":"https:\/\/diarioregionaldigital.com.br\/index.php?rest_route=\/wp\/v2\/types\/post"}],"author":[{"embeddable":true,"href":"https:\/\/diarioregionaldigital.com.br\/index.php?rest_route=\/wp\/v2\/users\/96"}],"replies":[{"embeddable":true,"href":"https:\/\/diarioregionaldigital.com.br\/index.php?rest_route=%2Fwp%2Fv2%2Fcomments&post=139156"}],"version-history":[{"count":0,"href":"https:\/\/diarioregionaldigital.com.br\/index.php?rest_route=\/wp\/v2\/posts\/139156\/revisions"}],"wp:featuredmedia":[{"embeddable":true,"href":"https:\/\/diarioregionaldigital.com.br\/index.php?rest_route=\/wp\/v2\/media\/139157"}],"wp:attachment":[{"href":"https:\/\/diarioregionaldigital.com.br\/index.php?rest_route=%2Fwp%2Fv2%2Fmedia&parent=139156"}],"wp:term":[{"taxonomy":"category","embeddable":true,"href":"https:\/\/diarioregionaldigital.com.br\/index.php?rest_route=%2Fwp%2Fv2%2Fcategories&post=139156"},{"taxonomy":"post_tag","embeddable":true,"href":"https:\/\/diarioregionaldigital.com.br\/index.php?rest_route=%2Fwp%2Fv2%2Ftags&post=139156"}],"curies":[{"name":"wp","href":"https:\/\/api.w.org\/{rel}","templated":true}]}}