{"id":139154,"date":"2019-04-29T16:21:57","date_gmt":"2019-04-29T19:21:57","guid":{"rendered":"https:\/\/diarioregionaldigital.com.br\/?p=139154"},"modified":"2019-04-29T16:21:57","modified_gmt":"2019-04-29T19:21:57","slug":"bolsonaro-nega-criacao-de-imposto-para-igrejas","status":"publish","type":"post","link":"https:\/\/diarioregionaldigital.com.br\/?p=139154","title":{"rendered":"Bolsonaro nega cria\u00e7\u00e3o de imposto para igrejas"},"content":{"rendered":"<p>O presidente Jair Bolsonaro negou nesta segunda-feira, 29, em v\u00eddeo publicado no Twitter,\u00a0a cria\u00e7\u00e3o de novos impostos, \u201cem especial contra as igrejas\u201d.\u00a0\u201cEssa informa\u00e7\u00e3o n\u00e3o procede. Em nosso governo, nenhum novo imposto ser\u00e1 criado, em especial contra as igrejas que, al\u00e9m de terem um excelente trabalho social prestado a toda comunidade, reclamam eles, em parte com raz\u00e3o no meu entendimento, que h\u00e1 uma bitributa\u00e7\u00e3o nessa \u00e1rea\u201d, disse.<\/p>\n<p>Bolsonaro se manifestou ap\u00f3s publica\u00e7\u00e3o de\u00a0entrevista do secret\u00e1rio especial da Receita Federal, Marcos Cintra,\u00a0ao jornal\u00a0<em>Folha de S.Paulo<\/em>. De acordo com a publica\u00e7\u00e3o,\u00a0na proposta de reforma tribut\u00e1ria de Cintra, a contribui\u00e7\u00e3o previdenci\u00e1ria sobre a folha de pagamento ser\u00e1 substitu\u00edda por um novo tributo, que vai incidir sobre todas as transa\u00e7\u00f5es financeiras, banc\u00e1rias ou n\u00e3o, e ser\u00e1 rateado entre as duas pontas da opera\u00e7\u00e3o (quem paga e quem recebe).<\/p>\n<p>A\u00a0reportagem informa ainda que o novo tributo, chamado de Contribui\u00e7\u00e3o Previdenci\u00e1ria (CP), deve incidir at\u00e9 mesmo sobre o d\u00edzimo pago pelos fi\u00e9is \u00e0s igrejas, al\u00e9m daqueles que t\u00eam imunidades constitucionais, como institui\u00e7\u00f5es religiosas e filantr\u00f3picas. No\u00a0v\u00eddeo publicado no Twitter, Bolsonaro disse que foi surpreendido pela declara\u00e7\u00e3o do secret\u00e1rio.<\/p>\n<p>Hoje, tamb\u00e9m\u00a0pelo Twitter, Marcos Cintra defendeu novamente o fim da tributa\u00e7\u00e3o sobre a folha de sal\u00e1rios e disse que a manchete da<em>\u00a0Folha de S.Paulo<\/em>\u00a0n\u00e3o \u00e9 fiel \u00e0 entrevista que ele concedeu. \u201cChega de tributar folha de sal\u00e1rios. Manchete da Folha diz que Receita quer criar imposto novo que vai tributar igrejas. Mas n\u00e3o diz que ser\u00e1 eliminado o imposto de 20% sobre a folha de sal\u00e1rios, este sim altamente prejudicial a toda a sociedade, inclusive as igrejas\u201d, escreveu o secret\u00e1rio da Receita.<\/p>\n<p>Nesta tarde,\u00a0Bolsonaro se re\u00fane com Cintra no Pal\u00e1cio do Planalto. O encontro j\u00e1 constava na agenda do presidente desde a semana passada.<\/p>\n<p>&nbsp;<\/p>\n<p>Fonte: Ag\u00eancia Brasil<\/p>\n","protected":false},"excerpt":{"rendered":"<p>O presidente Jair Bolsonaro negou nesta segunda-feira, 29, em v\u00eddeo publicado no Twitter,\u00a0a cria\u00e7\u00e3o de novos impostos, \u201cem especial contra as igrejas\u201d.\u00a0\u201cEssa informa\u00e7\u00e3o n\u00e3o procede. Em nosso governo, nenhum novo imposto ser\u00e1 criado, em especial contra as igrejas que, al\u00e9m de terem um excelente trabalho social prestado a toda comunidade, reclamam eles, em parte com [&hellip;]<\/p>\n","protected":false},"author":96,"featured_media":134157,"comment_status":"closed","ping_status":"closed","sticky":false,"template":"","format":"standard","meta":{"footnotes":""},"categories":[436,262,254,439],"tags":[],"class_list":["post-139154","post","type-post","status-publish","format-standard","has-post-thumbnail","hentry","category-destaque-da-semana","category-noticias","category-politica","category-ultima-hora"],"_links":{"self":[{"href":"https:\/\/diarioregionaldigital.com.br\/index.php?rest_route=\/wp\/v2\/posts\/139154","targetHints":{"allow":["GET"]}}],"collection":[{"href":"https:\/\/diarioregionaldigital.com.br\/index.php?rest_route=\/wp\/v2\/posts"}],"about":[{"href":"https:\/\/diarioregionaldigital.com.br\/index.php?rest_route=\/wp\/v2\/types\/post"}],"author":[{"embeddable":true,"href":"https:\/\/diarioregionaldigital.com.br\/index.php?rest_route=\/wp\/v2\/users\/96"}],"replies":[{"embeddable":true,"href":"https:\/\/diarioregionaldigital.com.br\/index.php?rest_route=%2Fwp%2Fv2%2Fcomments&post=139154"}],"version-history":[{"count":0,"href":"https:\/\/diarioregionaldigital.com.br\/index.php?rest_route=\/wp\/v2\/posts\/139154\/revisions"}],"wp:featuredmedia":[{"embeddable":true,"href":"https:\/\/diarioregionaldigital.com.br\/index.php?rest_route=\/wp\/v2\/media\/134157"}],"wp:attachment":[{"href":"https:\/\/diarioregionaldigital.com.br\/index.php?rest_route=%2Fwp%2Fv2%2Fmedia&parent=139154"}],"wp:term":[{"taxonomy":"category","embeddable":true,"href":"https:\/\/diarioregionaldigital.com.br\/index.php?rest_route=%2Fwp%2Fv2%2Fcategories&post=139154"},{"taxonomy":"post_tag","embeddable":true,"href":"https:\/\/diarioregionaldigital.com.br\/index.php?rest_route=%2Fwp%2Fv2%2Ftags&post=139154"}],"curies":[{"name":"wp","href":"https:\/\/api.w.org\/{rel}","templated":true}]}}