{"id":139149,"date":"2019-04-29T16:13:19","date_gmt":"2019-04-29T19:13:19","guid":{"rendered":"https:\/\/diarioregionaldigital.com.br\/?p=139149"},"modified":"2019-04-29T16:13:19","modified_gmt":"2019-04-29T19:13:19","slug":"stf-decidira-se-e-valida-prova-obtida-com-violacao-de-correspondencia","status":"publish","type":"post","link":"https:\/\/diarioregionaldigital.com.br\/?p=139149","title":{"rendered":"STF decidir\u00e1 se \u00e9 valida prova obtida com viola\u00e7\u00e3o de correspond\u00eancia"},"content":{"rendered":"<p>O Supremo Tribunal Federal (STF) dever\u00e1 decidir se evid\u00eancias obtidas mediante a abertura de correspond\u00eancia postada nos Correios servem como prova em processos criminais, mesmo diante da viola\u00e7\u00e3o do sigilo postal assegurado pela Constitui\u00e7\u00e3o.<\/p>\n<p>Na semana passada, os ministros aprovaram a repercuss\u00e3o geral de um caso que tramita no STF sobre o assunto. Isso quer dizer que a resolu\u00e7\u00e3o desse processo servir\u00e1 como par\u00e2metro para todos os outros questionamentos do tipo na Justi\u00e7a brasileira.<\/p>\n<p>No caso espec\u00edfico, o processo que ser\u00e1 julgado no Supremo diz respeito a um Policial Militar do Paran\u00e1 que, no hor\u00e1rio de expediente, tentou enviar pelo servi\u00e7o expresso conhecido como Sedex uma caixa com 36 frascos de uma subst\u00e2ncia l\u00edquida transparente.<\/p>\n<p>Ap\u00f3s verifica\u00e7\u00e3o, constatou-se tratar-se de \u00e1cido gama-hidroxibut\u00edrico, subst\u00e2ncia vulgarmente conhecida como \u201cBoa Noite, Cinderela\u201d, um psicotr\u00f3pico de circula\u00e7\u00e3o proibida, e tamb\u00e9m de cetamina, um anest\u00e9sico.<\/p>\n<p>O juiz do Conselho Permanente da Justi\u00e7a Militar da Comarca de Curitiba condenou o policial a tr\u00eas anos de reclus\u00e3o, em regime inicial aberto, substitu\u00eddos por penas restritivas de direitos, pelo crime de tr\u00e1fico de drogas cometido por policial em servi\u00e7o. Em seguida, ele apelou contra a condena\u00e7\u00e3o.<\/p>\n<p>No recurso, o policial alegou que a prova contra foi obtida de modo ilegal, uma vez que a caixa foi aberta sem ordem judicial, ferindo o princ\u00edpio da inviolabilidade da correspond\u00eancia previsto na Constitui\u00e7\u00e3o. O Tribunal de Justi\u00e7a o Paran\u00e1 (TJ-PR) negou a apela\u00e7\u00e3o, por considerar que n\u00e3o houve viola\u00e7\u00e3o da intimidade e que o sigilo sobre a correspond\u00eancia n\u00e3o pode servir para legitimar crimes.<\/p>\n<p>Por se tratar de quest\u00e3o constitucional, o caso deve ser decidido pelo Supremo. N\u00e3o h\u00e1, por\u00e9m, prazo para que isso ocorra. O relator do processo \u00e9 o ministro Marco Aur\u00e9lio Mello.<\/p>\n<p>&nbsp;<\/p>\n<p>&nbsp;<\/p>\n<p>Fonte: Ag\u00eancia Brasil<\/p>\n","protected":false},"excerpt":{"rendered":"<p>O Supremo Tribunal Federal (STF) dever\u00e1 decidir se evid\u00eancias obtidas mediante a abertura de correspond\u00eancia postada nos Correios servem como prova em processos criminais, mesmo diante da viola\u00e7\u00e3o do sigilo postal assegurado pela Constitui\u00e7\u00e3o. Na semana passada, os ministros aprovaram a repercuss\u00e3o geral de um caso que tramita no STF sobre o assunto. Isso quer [&hellip;]<\/p>\n","protected":false},"author":96,"featured_media":139150,"comment_status":"closed","ping_status":"closed","sticky":false,"template":"","format":"standard","meta":{"footnotes":""},"categories":[302,436,262,439],"tags":[],"class_list":["post-139149","post","type-post","status-publish","format-standard","has-post-thumbnail","hentry","category-brasil-mundo","category-destaque-da-semana","category-noticias","category-ultima-hora"],"_links":{"self":[{"href":"https:\/\/diarioregionaldigital.com.br\/index.php?rest_route=\/wp\/v2\/posts\/139149","targetHints":{"allow":["GET"]}}],"collection":[{"href":"https:\/\/diarioregionaldigital.com.br\/index.php?rest_route=\/wp\/v2\/posts"}],"about":[{"href":"https:\/\/diarioregionaldigital.com.br\/index.php?rest_route=\/wp\/v2\/types\/post"}],"author":[{"embeddable":true,"href":"https:\/\/diarioregionaldigital.com.br\/index.php?rest_route=\/wp\/v2\/users\/96"}],"replies":[{"embeddable":true,"href":"https:\/\/diarioregionaldigital.com.br\/index.php?rest_route=%2Fwp%2Fv2%2Fcomments&post=139149"}],"version-history":[{"count":0,"href":"https:\/\/diarioregionaldigital.com.br\/index.php?rest_route=\/wp\/v2\/posts\/139149\/revisions"}],"wp:featuredmedia":[{"embeddable":true,"href":"https:\/\/diarioregionaldigital.com.br\/index.php?rest_route=\/wp\/v2\/media\/139150"}],"wp:attachment":[{"href":"https:\/\/diarioregionaldigital.com.br\/index.php?rest_route=%2Fwp%2Fv2%2Fmedia&parent=139149"}],"wp:term":[{"taxonomy":"category","embeddable":true,"href":"https:\/\/diarioregionaldigital.com.br\/index.php?rest_route=%2Fwp%2Fv2%2Fcategories&post=139149"},{"taxonomy":"post_tag","embeddable":true,"href":"https:\/\/diarioregionaldigital.com.br\/index.php?rest_route=%2Fwp%2Fv2%2Ftags&post=139149"}],"curies":[{"name":"wp","href":"https:\/\/api.w.org\/{rel}","templated":true}]}}