{"id":139139,"date":"2019-04-29T13:45:35","date_gmt":"2019-04-29T16:45:35","guid":{"rendered":"https:\/\/diarioregionaldigital.com.br\/?p=139139"},"modified":"2019-04-29T15:52:43","modified_gmt":"2019-04-29T18:52:43","slug":"dupla-e-presa-por-trafico-de-drogas","status":"publish","type":"post","link":"https:\/\/diarioregionaldigital.com.br\/?p=139139","title":{"rendered":"Dupla \u00e9 presa por tr\u00e1fico de drogas"},"content":{"rendered":"<p>Um homem de 57 anos e uma mulher de 32, foram presos por tr\u00e1fico de drogas, na rua Manoel De oliveira Miranda, no bairro S\u00e3o Judas Tadeu, ap\u00f3s Pol\u00edcia Militar (PM) encontrar dois p\u00e9s de maconha e outros tr\u00eas vasos com mudas da planta na casa da suspeita.<\/p>\n<p>Segundo informa\u00e7\u00f5es da PM, os p\u00e9s de maconha t\u00eam aproximadamente dois metros de altura. Os militares descobriram a informa\u00e7\u00e3o ap\u00f3s den\u00fancias sobre uma briga de casal em uma resid\u00eancia pr\u00f3xima a um escad\u00e3o. Chegando no local, a mulher negou que teria acontecido uma briga e, ao averiguar a resid\u00eancia, os militares encontraram uma por\u00e7\u00e3o de maconha na mesa da sala, a qual o homem assumiu a propriedade, informando que freq\u00fcentava constantemente a casa da mulher e que fazia uso de drogas no local.<\/p>\n<p>Enquanto verificavam a resid\u00eancia, os policiais encontraram os p\u00e9s e as mudas de maconha no quintal da casa. Al\u00e9m disso, ainda foi encontrado um inv\u00f3lucro da mesma droga, pronto para comercializa\u00e7\u00e3o, e tr\u00eas garrafas pet contendo por\u00e7\u00f5es da droga dentro da geladeira.\u00a0 Ainda durante as buscas, foram apreendidas 22 muni\u00e7\u00f5es de arma de fogo calibre 45, 180 reais, uma balan\u00e7a e dois celulares. Diante dos fatos, o casal recebeu voz de pris\u00e3o em flagrante e foi encaminhado para a delegacia.<\/p>\n<div id=\"attachment_139140\" style=\"width: 436px\" class=\"wp-caption aligncenter\"><img loading=\"lazy\" decoding=\"async\" aria-describedby=\"caption-attachment-139140\" class=\" wp-image-139140\" src=\"https:\/\/diarioregionaldigital.com.br\/wp-content\/uploads\/2019\/04\/58939893_1267864413379209_6537923965296312320_n-225x300.jpg\" alt=\"\" width=\"426\" height=\"568\" srcset=\"https:\/\/diarioregionaldigital.com.br\/wp-content\/uploads\/2019\/04\/58939893_1267864413379209_6537923965296312320_n-225x300.jpg 225w, https:\/\/diarioregionaldigital.com.br\/wp-content\/uploads\/2019\/04\/58939893_1267864413379209_6537923965296312320_n-360x480.jpg 360w, https:\/\/diarioregionaldigital.com.br\/wp-content\/uploads\/2019\/04\/58939893_1267864413379209_6537923965296312320_n.jpg 720w\" sizes=\"auto, (max-width: 426px) 100vw, 426px\" \/><p id=\"caption-attachment-139140\" class=\"wp-caption-text\">Foto: Divulga\u00e7\u00e3o PM<\/p><\/div>\n<p>Segundo informa\u00e7\u00f5es da Pol\u00edcia Militar, j\u00e1 havia uma den\u00fancia por tr\u00e1fico de drogas contra a mulher. Ainda conforme a PM, havia uma crian\u00e7a no local que ficou sob os cuidados da av\u00f3 materna.<\/p>\n","protected":false},"excerpt":{"rendered":"<p>Um homem de 57 anos e uma mulher de 32, foram presos por tr\u00e1fico de drogas, na rua Manoel De oliveira Miranda, no bairro S\u00e3o Judas Tadeu, ap\u00f3s Pol\u00edcia Militar (PM) encontrar dois p\u00e9s de maconha e outros tr\u00eas vasos com mudas da planta na casa da suspeita. Segundo informa\u00e7\u00f5es da PM, os p\u00e9s de [&hellip;]<\/p>\n","protected":false},"author":96,"featured_media":139141,"comment_status":"closed","ping_status":"closed","sticky":false,"template":"","format":"standard","meta":{"footnotes":""},"categories":[301,436,440,439],"tags":[],"class_list":["post-139139","post","type-post","status-publish","format-standard","has-post-thumbnail","hentry","category-artigos-policiais","category-destaque-da-semana","category-destaques-do-dia","category-ultima-hora"],"_links":{"self":[{"href":"https:\/\/diarioregionaldigital.com.br\/index.php?rest_route=\/wp\/v2\/posts\/139139","targetHints":{"allow":["GET"]}}],"collection":[{"href":"https:\/\/diarioregionaldigital.com.br\/index.php?rest_route=\/wp\/v2\/posts"}],"about":[{"href":"https:\/\/diarioregionaldigital.com.br\/index.php?rest_route=\/wp\/v2\/types\/post"}],"author":[{"embeddable":true,"href":"https:\/\/diarioregionaldigital.com.br\/index.php?rest_route=\/wp\/v2\/users\/96"}],"replies":[{"embeddable":true,"href":"https:\/\/diarioregionaldigital.com.br\/index.php?rest_route=%2Fwp%2Fv2%2Fcomments&post=139139"}],"version-history":[{"count":0,"href":"https:\/\/diarioregionaldigital.com.br\/index.php?rest_route=\/wp\/v2\/posts\/139139\/revisions"}],"wp:featuredmedia":[{"embeddable":true,"href":"https:\/\/diarioregionaldigital.com.br\/index.php?rest_route=\/wp\/v2\/media\/139141"}],"wp:attachment":[{"href":"https:\/\/diarioregionaldigital.com.br\/index.php?rest_route=%2Fwp%2Fv2%2Fmedia&parent=139139"}],"wp:term":[{"taxonomy":"category","embeddable":true,"href":"https:\/\/diarioregionaldigital.com.br\/index.php?rest_route=%2Fwp%2Fv2%2Fcategories&post=139139"},{"taxonomy":"post_tag","embeddable":true,"href":"https:\/\/diarioregionaldigital.com.br\/index.php?rest_route=%2Fwp%2Fv2%2Ftags&post=139139"}],"curies":[{"name":"wp","href":"https:\/\/api.w.org\/{rel}","templated":true}]}}