{"id":139130,"date":"2019-04-29T15:18:51","date_gmt":"2019-04-29T18:18:51","guid":{"rendered":"https:\/\/diarioregionaldigital.com.br\/?p=139130"},"modified":"2019-04-29T15:18:51","modified_gmt":"2019-04-29T18:18:51","slug":"pesquisa-diz-que-inflacao-do-aluguel-e-de-864-em-12-meses","status":"publish","type":"post","link":"https:\/\/diarioregionaldigital.com.br\/?p=139130","title":{"rendered":"Pesquisa diz que infla\u00e7\u00e3o do aluguel \u00e9 de 8,64% em 12 meses"},"content":{"rendered":"<p>O \u00cdndice Geral de Pre\u00e7os\u2013Mercado (IGP-M), usado no reajuste dos contratos de aluguel, registrou infla\u00e7\u00e3o de 0,92% em abril, percentual inferior ao observado em mar\u00e7o (1,26%).<\/p>\n<p>Segundo informou nesta segunda-feira, 29, no Rio de Janeiro, a Funda\u00e7\u00e3o Getulio Vargas (FGV), o IGP-M acumula infla\u00e7\u00e3o de 3,1% no ano e de 8,64% nos \u00faltimos 12 meses.<\/p>\n<p>A queda da taxa de mar\u00e7o para abril foi provocada pelos pre\u00e7os no atacado. A infla\u00e7\u00e3o do \u00cdndice de Pre\u00e7os ao Produtor Amplo, que mede o atacado, recuou de 1,67% em mar\u00e7o para 1,07% em abril.<\/p>\n<p>Ao mesmo tempo, o varejo e a constru\u00e7\u00e3o tiveram alta em suas taxas. O \u00cdndice de Pre\u00e7os ao Consumidor, que mede o varejo, subiu de 0,58% em mar\u00e7o para 0,69% em abril. O \u00cdndice Nacional de Custo da Constru\u00e7\u00e3o (INCC) passou de 0,19% para 0,49% no per\u00edodo.<\/p>\n<p>&nbsp;<\/p>\n<p>Fonte: Ag\u00eancia Brasil<\/p>\n","protected":false},"excerpt":{"rendered":"<p>O \u00cdndice Geral de Pre\u00e7os\u2013Mercado (IGP-M), usado no reajuste dos contratos de aluguel, registrou infla\u00e7\u00e3o de 0,92% em abril, percentual inferior ao observado em mar\u00e7o (1,26%). Segundo informou nesta segunda-feira, 29, no Rio de Janeiro, a Funda\u00e7\u00e3o Getulio Vargas (FGV), o IGP-M acumula infla\u00e7\u00e3o de 3,1% no ano e de 8,64% nos \u00faltimos 12 meses. [&hellip;]<\/p>\n","protected":false},"author":96,"featured_media":139131,"comment_status":"closed","ping_status":"closed","sticky":false,"template":"","format":"standard","meta":{"footnotes":""},"categories":[436,261,262,439],"tags":[],"class_list":["post-139130","post","type-post","status-publish","format-standard","has-post-thumbnail","hentry","category-destaque-da-semana","category-economia","category-noticias","category-ultima-hora"],"_links":{"self":[{"href":"https:\/\/diarioregionaldigital.com.br\/index.php?rest_route=\/wp\/v2\/posts\/139130","targetHints":{"allow":["GET"]}}],"collection":[{"href":"https:\/\/diarioregionaldigital.com.br\/index.php?rest_route=\/wp\/v2\/posts"}],"about":[{"href":"https:\/\/diarioregionaldigital.com.br\/index.php?rest_route=\/wp\/v2\/types\/post"}],"author":[{"embeddable":true,"href":"https:\/\/diarioregionaldigital.com.br\/index.php?rest_route=\/wp\/v2\/users\/96"}],"replies":[{"embeddable":true,"href":"https:\/\/diarioregionaldigital.com.br\/index.php?rest_route=%2Fwp%2Fv2%2Fcomments&post=139130"}],"version-history":[{"count":0,"href":"https:\/\/diarioregionaldigital.com.br\/index.php?rest_route=\/wp\/v2\/posts\/139130\/revisions"}],"wp:featuredmedia":[{"embeddable":true,"href":"https:\/\/diarioregionaldigital.com.br\/index.php?rest_route=\/wp\/v2\/media\/139131"}],"wp:attachment":[{"href":"https:\/\/diarioregionaldigital.com.br\/index.php?rest_route=%2Fwp%2Fv2%2Fmedia&parent=139130"}],"wp:term":[{"taxonomy":"category","embeddable":true,"href":"https:\/\/diarioregionaldigital.com.br\/index.php?rest_route=%2Fwp%2Fv2%2Fcategories&post=139130"},{"taxonomy":"post_tag","embeddable":true,"href":"https:\/\/diarioregionaldigital.com.br\/index.php?rest_route=%2Fwp%2Fv2%2Ftags&post=139130"}],"curies":[{"name":"wp","href":"https:\/\/api.w.org\/{rel}","templated":true}]}}