{"id":139125,"date":"2019-04-29T15:08:19","date_gmt":"2019-04-29T18:08:19","guid":{"rendered":"https:\/\/diarioregionaldigital.com.br\/?p=139125"},"modified":"2019-04-29T15:08:19","modified_gmt":"2019-04-29T18:08:19","slug":"armadilhas-fotograficas-registram-novas-imagens-da-onca-pintada-no-jardim-botanico-da-ufjf","status":"publish","type":"post","link":"https:\/\/diarioregionaldigital.com.br\/?p=139125","title":{"rendered":"Armadilhas fotogr\u00e1ficas registram novas imagens da on\u00e7a-pintada no Jardim Bot\u00e2nico da UFJF"},"content":{"rendered":"<p>Nessa segunda-feira, 29, a Universidade Federal de Juiz de Fora (UFJF) divulgou novas imagens da on\u00e7a-pintadacapturadas na madrugada deste domingo,28,pelas armadilhas fotogr\u00e1ficas instaladas durante o final de semana no Jardim Bot\u00e2nico. Ao todo, s\u00e3o sete c\u00e2meras instaladas no Jardim, que, segundo a institui\u00e7\u00e3o,tem o objetivo de obter o maior n\u00famero de dados poss\u00edvel, tra\u00e7ar rotas e conhecer os h\u00e1bitos do animal.<\/p>\n<p>Conforme a UFJF, as imagens da on\u00e7a-pintada foram registradas em tr\u00eas momentos diferentes.A primeira apari\u00e7\u00e3o ocorreu por volta de 0h, quando s\u00e3o feitas fotos do animal. O segundo flagrante foi \u00e0s 5h, comregistro de novas imagens.J\u00e1 o terceiro registro foi por cerca de uma hora mais tarde, onde a on\u00e7a foi fotografada e filmada em dois v\u00eddeos sequenciais.<\/p>\n<div id=\"attachment_139126\" style=\"width: 443px\" class=\"wp-caption aligncenter\"><img loading=\"lazy\" decoding=\"async\" aria-describedby=\"caption-attachment-139126\" class=\" wp-image-139126\" src=\"https:\/\/diarioregionaldigital.com.br\/wp-content\/uploads\/2019\/04\/oncinha-300x122.jpg\" alt=\"\" width=\"433\" height=\"176\" srcset=\"https:\/\/diarioregionaldigital.com.br\/wp-content\/uploads\/2019\/04\/oncinha-300x122.jpg 300w, https:\/\/diarioregionaldigital.com.br\/wp-content\/uploads\/2019\/04\/oncinha-768x313.jpg 768w, https:\/\/diarioregionaldigital.com.br\/wp-content\/uploads\/2019\/04\/oncinha-1024x418.jpg 1024w, https:\/\/diarioregionaldigital.com.br\/wp-content\/uploads\/2019\/04\/oncinha-360x147.jpg 360w, https:\/\/diarioregionaldigital.com.br\/wp-content\/uploads\/2019\/04\/oncinha.jpg 1257w\" sizes=\"auto, (max-width: 433px) 100vw, 433px\" \/><p id=\"caption-attachment-139126\" class=\"wp-caption-text\">as imagens da on\u00e7a-pintada foram registradas em tr\u00eas momentos diferentes. Foto: Divulga\u00e7\u00e3o UFJF\/Jardim Bot\u00e2nico<\/p><\/div>\n<p>Ainda de acordo com a universidade, as imagens capturadas pelas armadilhas fotogr\u00e1ficas n\u00e3o s\u00e3o n\u00edtidas para confirmar o sexo do animal, mas, com base no comportamento do animal, acredita-se que seja um macho.<\/p>\n<p>Al\u00e9m disso, a equipe encontrou pegadas do animal em diferentes \u00e1reas. De acordo com os especialistas da UFJF, duas das caracter\u00edsticas desse vest\u00edgio de on\u00e7a-pintada s\u00e3o: dedos largos e arredondados, dispostos em semic\u00edrculo e almofada \u2013 parte inferior da pata \u2013 um pouco triangular com contorno arredondado.<\/p>\n<div id=\"attachment_139127\" style=\"width: 337px\" class=\"wp-caption aligncenter\"><img loading=\"lazy\" decoding=\"async\" aria-describedby=\"caption-attachment-139127\" class=\" wp-image-139127\" src=\"https:\/\/diarioregionaldigital.com.br\/wp-content\/uploads\/2019\/04\/pegada-FOTO-RAUL-MOUR\u00c3O-UFJF-213x300.jpg\" alt=\"\" width=\"327\" height=\"461\" srcset=\"https:\/\/diarioregionaldigital.com.br\/wp-content\/uploads\/2019\/04\/pegada-FOTO-RAUL-MOUR\u00c3O-UFJF-213x300.jpg 213w, https:\/\/diarioregionaldigital.com.br\/wp-content\/uploads\/2019\/04\/pegada-FOTO-RAUL-MOUR\u00c3O-UFJF.jpg 300w\" sizes=\"auto, (max-width: 327px) 100vw, 327px\" \/><p id=\"caption-attachment-139127\" class=\"wp-caption-text\">Foto: Raul Mour\u00e3o\/UFJF<\/p><\/div>\n<p>O levantamento das informa\u00e7\u00f5es sobre a on\u00e7a-pintada vai definir quais decis\u00f5es mais adequadas devem ser tomadas em rela\u00e7\u00e3o ao caso, visando \u00e0 prote\u00e7\u00e3o de moradores do entorno do Jardim Bot\u00e2nico e \u00e0 sobreviv\u00eancia do animal.<\/p>\n<p>Ainda nesta segunda-feira, 29, uma s\u00e9rie de reuni\u00f5es j\u00e1 foi iniciada entre integrantes da UFJF e de \u00f3rg\u00e3os de meio ambiente. \u00c0s 19h eles se encontram com representantes de associa\u00e7\u00f5es de moradores do bairro Santa Terezinha e de outras comunidades do entorno.<\/p>\n<p>Nestater\u00e7a-feira, 30, o professor Artur Andriolo apresentar\u00e1 relato dos trabalhos desenvolvidos no final de semana aos representantes da universidade e de setores de meio ambiente e seguran\u00e7a. A partir desse encontro, ser\u00e3o sugeridas propostas relacionadas ao caso que apresentem os riscos mais baixos para o animal e a comunidade.<\/p>\n<p><strong>FECHAMENTO TEMPOR\u00c1RIO DO JARDIM BOT\u00c2NICO<\/strong><\/p>\n<p>O Jardim Bot\u00e2nico continua fechado temporariamente para visita\u00e7\u00e3o desde a manh\u00e3 de sexta-feira, 26, quando foi anunciada a presen\u00e7a de uma on\u00e7a-pintada em \u00e1rea aberta \u00e0 visita\u00e7\u00e3o. Visando a seguran\u00e7a dos visitantes, do animal e da popula\u00e7\u00e3o do entorno, a Administra\u00e7\u00e3o Superior da UFJF e a Dire\u00e7\u00e3o do Jardim optaram pela interdi\u00e7\u00e3o tempor\u00e1ria do local.<\/p>\n<p>A on\u00e7a-pintada foi avistada por vigilante do Jardim, na noite da \u00faltima quinta-feira, 25, por volta das 22h. Conforme a institui\u00e7\u00e3o, pelo menos, h\u00e1 80 anos n\u00e3o h\u00e1 registro do animal na Zona da Mata mineira.<\/p>\n","protected":false},"excerpt":{"rendered":"<p>Nessa segunda-feira, 29, a Universidade Federal de Juiz de Fora (UFJF) divulgou novas imagens da on\u00e7a-pintadacapturadas na madrugada deste domingo,28,pelas armadilhas fotogr\u00e1ficas instaladas durante o final de semana no Jardim Bot\u00e2nico. Ao todo, s\u00e3o sete c\u00e2meras instaladas no Jardim, que, segundo a institui\u00e7\u00e3o,tem o objetivo de obter o maior n\u00famero de dados poss\u00edvel, tra\u00e7ar rotas [&hellip;]<\/p>\n","protected":false},"author":96,"featured_media":139128,"comment_status":"closed","ping_status":"closed","sticky":false,"template":"","format":"standard","meta":{"footnotes":""},"categories":[253,436,440,439],"tags":[],"class_list":["post-139125","post","type-post","status-publish","format-standard","has-post-thumbnail","hentry","category-cidade","category-destaque-da-semana","category-destaques-do-dia","category-ultima-hora"],"_links":{"self":[{"href":"https:\/\/diarioregionaldigital.com.br\/index.php?rest_route=\/wp\/v2\/posts\/139125","targetHints":{"allow":["GET"]}}],"collection":[{"href":"https:\/\/diarioregionaldigital.com.br\/index.php?rest_route=\/wp\/v2\/posts"}],"about":[{"href":"https:\/\/diarioregionaldigital.com.br\/index.php?rest_route=\/wp\/v2\/types\/post"}],"author":[{"embeddable":true,"href":"https:\/\/diarioregionaldigital.com.br\/index.php?rest_route=\/wp\/v2\/users\/96"}],"replies":[{"embeddable":true,"href":"https:\/\/diarioregionaldigital.com.br\/index.php?rest_route=%2Fwp%2Fv2%2Fcomments&post=139125"}],"version-history":[{"count":0,"href":"https:\/\/diarioregionaldigital.com.br\/index.php?rest_route=\/wp\/v2\/posts\/139125\/revisions"}],"wp:featuredmedia":[{"embeddable":true,"href":"https:\/\/diarioregionaldigital.com.br\/index.php?rest_route=\/wp\/v2\/media\/139128"}],"wp:attachment":[{"href":"https:\/\/diarioregionaldigital.com.br\/index.php?rest_route=%2Fwp%2Fv2%2Fmedia&parent=139125"}],"wp:term":[{"taxonomy":"category","embeddable":true,"href":"https:\/\/diarioregionaldigital.com.br\/index.php?rest_route=%2Fwp%2Fv2%2Fcategories&post=139125"},{"taxonomy":"post_tag","embeddable":true,"href":"https:\/\/diarioregionaldigital.com.br\/index.php?rest_route=%2Fwp%2Fv2%2Ftags&post=139125"}],"curies":[{"name":"wp","href":"https:\/\/api.w.org\/{rel}","templated":true}]}}